{"id":1178,"date":"2025-01-26T16:45:39","date_gmt":"2025-01-26T15:45:39","guid":{"rendered":"http:\/\/5.45.101.177\/haut-allier\/usagers-transportse\/index.php\/2025\/01\/26\/retournac-le-projet-de1178\/"},"modified":"2025-01-26T16:45:39","modified_gmt":"2025-01-26T15:45:39","slug":"retournac-le-projet-de1178","status":"publish","type":"post","link":"https:\/\/usagers-transports.haut-allier.eu\/index.php\/2025\/01\/26\/retournac-le-projet-de1178\/","title":{"rendered":"Retournac : le projet de r\u00e9organisation de la gare abandonn\u00e9"},"content":{"rendered":"<p>C&rsquo;est un long combat men\u00e9 par la CGT Cheminots \u00e0 Retournac (Haute-Loire) sur la ligne Le Puy en Velay &#8211; Saint Etienne. D\u00e9j\u00e0 en 2022 il \u00e9tait question de <a href=\"https:\/\/usagers-transports.haut-allier.eu\/?moins-d-heures-d-ouverture-pour,934.html\"><em>r\u00e9duire les horaires d&rsquo;ouverture<\/em><\/a> des guichets. <\/p>\n<p>https:\/\/www.zoomdici.fr\/actualite\/gare-de-retournac-le-combat-contre-la-suppression-des-postes-reprend<\/p>\n<p>https:\/\/www.lacommere43.fr\/yssingeaux-les-sucs\/item\/69855-la-gare-de-retournac-de-nouveau-menacee.html<\/p>\n<p>Sous la pression des salari\u00e9s la direction de la SNCF a finalement d\u00e9cid\u00e9 d\u2019ajourner son projet de r\u00e9organisation du fonctionnement de la gare de Retournac qui devait avoir lieu en avril 2025. L\u2019annonce a \u00e9t\u00e9 officialis\u00e9e ce samedi 25 janvier en fin d\u2019apr\u00e8s-midi.<\/p>\n<p>L&rsquo;article du Progr\u00e8s :<\/p>\n<p>https:\/\/www.leprogres.fr\/social\/2025\/01\/25\/le-projet-de-reorganisation-de-la-gare-de-retournac-est-abandonne<\/p>\n<p><img loading=\"lazy\" decoding=\"async\" class=\" aligncenter size-full wp-image-5514\" src=\"http:\/\/5.45.101.177\/haut-allier\/usagers-transportse\/wp-content\/uploads\/2025\/01\/haute-loire-le-projet-de-reorganisation-de-la-gare-de-retournac-est-abandonne-01-26-2025_04_25_pm.jpg\" alt=\"haute-loire-le-projet-de-reorganisation-de-la-gare-de-retournac-est-abandonne-01-26-2025_04_25_pm.jpg\" align=\"center\" width=\"1004\" height=\"1411\" srcset=\"https:\/\/usagers-transports.haut-allier.eu\/wp-content\/uploads\/2025\/01\/haute-loire-le-projet-de-reorganisation-de-la-gare-de-retournac-est-abandonne-01-26-2025_04_25_pm.jpg 1004w, https:\/\/usagers-transports.haut-allier.eu\/wp-content\/uploads\/2025\/01\/haute-loire-le-projet-de-reorganisation-de-la-gare-de-retournac-est-abandonne-01-26-2025_04_25_pm-213x300.jpg 213w, https:\/\/usagers-transports.haut-allier.eu\/wp-content\/uploads\/2025\/01\/haute-loire-le-projet-de-reorganisation-de-la-gare-de-retournac-est-abandonne-01-26-2025_04_25_pm-729x1024.jpg 729w, https:\/\/usagers-transports.haut-allier.eu\/wp-content\/uploads\/2025\/01\/haute-loire-le-projet-de-reorganisation-de-la-gare-de-retournac-est-abandonne-01-26-2025_04_25_pm-768x1079.jpg 768w\" sizes=\"auto, (max-width: 1004px) 100vw, 1004px\" \/><\/p>\n<p>On ne peut qu&rsquo;\u00eatre \u00e9tonn\u00e9 de la politique \u00ab\u00a0train TER\u00a0\u00bb dans la r\u00e9gion. Voil\u00e0 une ligne neuve, refaite il y a une dizaine d&rsquo;ann\u00e9es, mais la r\u00e9gion offre un service moyen, doubl\u00e9 par des bus via Yssingeaux.<\/p>\n<p>Voici la fiche horaire en cours :<\/p>\n<p><a href=\"http:\/\/5.45.101.177\/haut-allier\/usagers-transportse\/wp-content\/uploads\/2025\/01\/09_du_15-12-24_au_12-07-25-_v2.pdf\">09_du_15-12-24_au_12-07-25-_v2.pdf<\/a><\/p>\n","protected":false},"excerpt":{"rendered":"<p>C&rsquo;est un long combat men\u00e9 par la CGT Cheminots \u00e0 Retournac (Haute-Loire) sur la ligne Le Puy en<\/p>\n","protected":false},"author":1,"featured_media":5513,"comment_status":"open","ping_status":"open","sticky":false,"template":"","format":"standard","meta":{"footnotes":""},"categories":[3],"tags":[],"class_list":["post-1178","post","type-post","status-publish","format-standard","has-post-thumbnail","hentry","category-en-train"],"_links":{"self":[{"href":"https:\/\/usagers-transports.haut-allier.eu\/index.php\/wp-json\/wp\/v2\/posts\/1178","targetHints":{"allow":["GET"]}}],"collection":[{"href":"https:\/\/usagers-transports.haut-allier.eu\/index.php\/wp-json\/wp\/v2\/posts"}],"about":[{"href":"https:\/\/usagers-transports.haut-allier.eu\/index.php\/wp-json\/wp\/v2\/types\/post"}],"author":[{"embeddable":true,"href":"https:\/\/usagers-transports.haut-allier.eu\/index.php\/wp-json\/wp\/v2\/users\/1"}],"replies":[{"embeddable":true,"href":"https:\/\/usagers-transports.haut-allier.eu\/index.php\/wp-json\/wp\/v2\/comments?post=1178"}],"version-history":[{"count":0,"href":"https:\/\/usagers-transports.haut-allier.eu\/index.php\/wp-json\/wp\/v2\/posts\/1178\/revisions"}],"wp:featuredmedia":[{"embeddable":true,"href":"https:\/\/usagers-transports.haut-allier.eu\/index.php\/wp-json\/wp\/v2\/media\/5513"}],"wp:attachment":[{"href":"https:\/\/usagers-transports.haut-allier.eu\/index.php\/wp-json\/wp\/v2\/media?parent=1178"}],"wp:term":[{"taxonomy":"category","embeddable":true,"href":"https:\/\/usagers-transports.haut-allier.eu\/index.php\/wp-json\/wp\/v2\/categories?post=1178"},{"taxonomy":"post_tag","embeddable":true,"href":"https:\/\/usagers-transports.haut-allier.eu\/index.php\/wp-json\/wp\/v2\/tags?post=1178"}],"curies":[{"name":"wp","href":"https:\/\/api.w.org\/{rel}","templated":true}]}}