{"id":1179,"date":"2025-01-30T11:30:23","date_gmt":"2025-01-30T10:30:23","guid":{"rendered":"http:\/\/5.45.101.177\/haut-allier\/usagers-transportse\/index.php\/2025\/01\/30\/mobilite-en-territoire-de-montagne1179\/"},"modified":"2025-01-30T11:30:23","modified_gmt":"2025-01-30T10:30:23","slug":"mobilite-en-territoire-de-montagne1179","status":"publish","type":"post","link":"https:\/\/usagers-transports.haut-allier.eu\/index.php\/2025\/01\/30\/mobilite-en-territoire-de-montagne1179\/","title":{"rendered":"Mobilit\u00e9 en territoire de montagne : le CEREMA oublie (?) le train"},"content":{"rendered":"<p>\u00c7a commence \u00e0 se voir&#8230; Le 12 d\u00e9cembre 2024 le CEREMA, qui a l&rsquo;objectif de devenir un centre d\u2019expertise partag\u00e9 entre l\u2019Etat et les collectivit\u00e9s et qui offre \u00e0 ces derni\u00e8res des solutions cens\u00e9es adapt\u00e9es, facilement mobilisables et surtout peu on\u00e9reuses, organisait une s\u00e9ance de webinaire dont le th\u00e8me \u00e9tait la \u00ab\u00a0mobilit\u00e9 en territoire de montagne\u00a0\u00bb en s\u2019appuyant sur le retour d\u2019exp\u00e9rience de 5 territoires issus de 4 massifs diff\u00e9rents.<\/p>\n<p>Etrangement la solution TRAIN est laiss\u00e9e de c\u00f4t\u00e9. Le grand formatage des esprits est en voie pour un seul discours : \u00ab\u00a0routier et individuel\u00a0\u00bb (en d&rsquo;autres termes priv\u00e9). <\/p>\n<p>Dans les pr\u00e9sentations on ne parle en effet que de bus, de minibus, de taxis \u00e0 la demande, que de voitures et de parkings, que de v\u00e9los \u00e0 assistance \u00e9lectrique. <\/p>\n<p>Oui on nous argumentera compl\u00e9mentarit\u00e9 des modes de transport, nous r\u00e9pondons que pour qu&rsquo;il y ait compl\u00e9mntarit\u00e9 il ne faut pas cacher le principal, le ferroviaire, m\u00eame dans les zones de montagne, quand il existe ou quand il a d\u00e9j\u00e0 exist\u00e9. Etrange aussi que les SNCF TER n&rsquo;aient pas \u00e9t\u00e9 invit\u00e9es&#8230; Pour masquer leur d\u00e9faillance ?<\/p>\n<p><strong>Le d\u00e9clin du pays port\u00e9 officiellement au plus haut niveau des r\u00e9flexions \u00e0 pas cher pour des \u00e9lus qui n&rsquo;ont plus le sou pour faire d\u00e9placer correctement les citoyens.<\/strong><\/p>\n<p>Les \u00e9tapes de la pr\u00e9sentation :<\/p>\n<p>&#8211; La Montagne, un quart du territoire fran\u00e7ais<br \/>\n&#8211; D\u00e9finir une strat\u00e9gie<br \/>\n&#8211; Choisir son bouquet de mobilit\u00e9s<br \/>\n&#8211; D\u00e9velopper les partenariats et animer le territoire<br \/>\n&#8211; Une communaut\u00e9 pour \u00e9changer<br \/>\n&#8211; Le replay<\/p>\n<p>Le lien de la page de compte-rendu de ce magnifique webinaire avec les supports de pr\u00e9sentation et son replay :<br \/>\nhttps:\/\/www.cerema.fr\/fr\/actualites\/mobilite-territoire-montagne-quelles-solutions-retour-rdv<\/p>\n<p><em>La capture d&rsquo;une pr\u00e9sentation, ici le territoire des Hautes Terres (Cantal). C&rsquo;est vrai qu&rsquo;ici cel\u00e0 fait longtemps qu&rsquo;on ne peut plus compter sur le train, qui existe pourtant bel et bien (ligne Clermont-Ferrand B\u00e9ziers)<\/em><br \/>\n<img loading=\"lazy\" decoding=\"async\" class=\" aligncenter size-full wp-image-5517\" src=\"http:\/\/5.45.101.177\/haut-allier\/usagers-transportse\/wp-content\/uploads\/2025\/01\/mobilite-en-territoire-de-montagne-quelles-solutions-retour-sur-le-rdv-mobilite-du-12-decembre-2024-cerema-01-30-2025_11_04_am.jpg\" alt=\"mobilite-en-territoire-de-montagne-quelles-solutions-retour-sur-le-rdv-mobilite-du-12-decembre-2024-cerema-01-30-2025_11_04_am.jpg\" align=\"center\" width=\"841\" height=\"428\" srcset=\"https:\/\/usagers-transports.haut-allier.eu\/wp-content\/uploads\/2025\/01\/mobilite-en-territoire-de-montagne-quelles-solutions-retour-sur-le-rdv-mobilite-du-12-decembre-2024-cerema-01-30-2025_11_04_am.jpg 841w, https:\/\/usagers-transports.haut-allier.eu\/wp-content\/uploads\/2025\/01\/mobilite-en-territoire-de-montagne-quelles-solutions-retour-sur-le-rdv-mobilite-du-12-decembre-2024-cerema-01-30-2025_11_04_am-300x153.jpg 300w, https:\/\/usagers-transports.haut-allier.eu\/wp-content\/uploads\/2025\/01\/mobilite-en-territoire-de-montagne-quelles-solutions-retour-sur-le-rdv-mobilite-du-12-decembre-2024-cerema-01-30-2025_11_04_am-768x391.jpg 768w\" sizes=\"auto, (max-width: 841px) 100vw, 841px\" \/><\/p>\n","protected":false},"excerpt":{"rendered":"<p>\u00c7a commence \u00e0 se voir&#8230; Le 12 d\u00e9cembre 2024 le CEREMA, qui a l&rsquo;objectif de devenir un centre<\/p>\n","protected":false},"author":1,"featured_media":5516,"comment_status":"open","ping_status":"open","sticky":false,"template":"","format":"standard","meta":{"footnotes":""},"categories":[2],"tags":[],"class_list":["post-1179","post","type-post","status-publish","format-standard","has-post-thumbnail","hentry","category-infos"],"_links":{"self":[{"href":"https:\/\/usagers-transports.haut-allier.eu\/index.php\/wp-json\/wp\/v2\/posts\/1179","targetHints":{"allow":["GET"]}}],"collection":[{"href":"https:\/\/usagers-transports.haut-allier.eu\/index.php\/wp-json\/wp\/v2\/posts"}],"about":[{"href":"https:\/\/usagers-transports.haut-allier.eu\/index.php\/wp-json\/wp\/v2\/types\/post"}],"author":[{"embeddable":true,"href":"https:\/\/usagers-transports.haut-allier.eu\/index.php\/wp-json\/wp\/v2\/users\/1"}],"replies":[{"embeddable":true,"href":"https:\/\/usagers-transports.haut-allier.eu\/index.php\/wp-json\/wp\/v2\/comments?post=1179"}],"version-history":[{"count":0,"href":"https:\/\/usagers-transports.haut-allier.eu\/index.php\/wp-json\/wp\/v2\/posts\/1179\/revisions"}],"wp:featuredmedia":[{"embeddable":true,"href":"https:\/\/usagers-transports.haut-allier.eu\/index.php\/wp-json\/wp\/v2\/media\/5516"}],"wp:attachment":[{"href":"https:\/\/usagers-transports.haut-allier.eu\/index.php\/wp-json\/wp\/v2\/media?parent=1179"}],"wp:term":[{"taxonomy":"category","embeddable":true,"href":"https:\/\/usagers-transports.haut-allier.eu\/index.php\/wp-json\/wp\/v2\/categories?post=1179"},{"taxonomy":"post_tag","embeddable":true,"href":"https:\/\/usagers-transports.haut-allier.eu\/index.php\/wp-json\/wp\/v2\/tags?post=1179"}],"curies":[{"name":"wp","href":"https:\/\/api.w.org\/{rel}","templated":true}]}}