{"id":118,"date":"2014-02-11T18:45:33","date_gmt":"2014-02-11T17:45:33","guid":{"rendered":"http:\/\/5.45.101.177\/haut-allier\/usagers-transportse\/index.php\/2014\/02\/11\/le-president-de-midi-pyrenees118\/"},"modified":"2014-02-11T18:45:33","modified_gmt":"2014-02-11T17:45:33","slug":"le-president-de-midi-pyrenees118","status":"publish","type":"post","link":"https:\/\/usagers-transports.haut-allier.eu\/index.php\/2014\/02\/11\/le-president-de-midi-pyrenees118\/","title":{"rendered":"Le pr\u00e9sident de Midi-Pyr\u00e9n\u00e9es suspend les paiements \u00e0 la SNCF ! [MAJ]"},"content":{"rendered":"<p>[Mise \u00e0 jour du 20 f\u00e9vrier]<br \/>\n&nbsp;<br \/>\nLa r\u00e9gion <strong>Nord Pas de Calais<\/strong> vient \u00e9galement de suspendre le 17 f\u00e9vrier pour les m\u00eames raisons ses paiements \u00e0 la soci\u00e9t\u00e9 dite ferroviaire, 55 millions d&rsquo;euros tous les trois mois ! La grogne <a href=\"http:\/\/www.mobilicites.com\/fr_actualites_la-region-nord-pas-de-calais-suspend-ses-paiements-a-la-sncf_0_77_3090.html\">monte<\/a>.<br \/>\n&nbsp;<br \/>\n[article du 11 f\u00e9vrier]<br \/>\n&nbsp;<br \/>\nUn autre ! Le mouvement s&rsquo;amplifie : suite \u00e0 l&rsquo;exasp\u00e9ration des usagers du nord est de Midi Pyr\u00e9n\u00e9es, soit le massif central avec l&rsquo;Aveyron et le Tarn, Martin Malvy vient <strong>de suspendre les paiements de la r\u00e9gion \u00e0 la SNCF<\/strong>.<br \/>\n&nbsp;<br \/>\nDans sa lettre il cite <em>\u00ab\u00a0la d\u00e9gradation du service observ\u00e9e, particuli\u00e8rement sur le quart Nord-Est du r\u00e9seau r\u00e9gional pour lequel retards et suppressions de trains sont devenus chroniques\u00a0\u00bb<\/em>. Alors que son conseil r\u00e9gional a financ\u00e9 la moiti\u00e9 des travaux du plan Rail de r\u00e9novation soit  291 millions d&rsquo;euros rien que pour les deux d\u00e9partements concern\u00e9s.<br \/>\n&nbsp;<br \/>\n<img loading=\"lazy\" decoding=\"async\" class=\" aligncenter size-full wp-image-1600\" src=\"http:\/\/5.45.101.177\/haut-allier\/usagers-transportse\/wp-content\/uploads\/2014\/02\/carte_midi_pyrenees_train_ter_gare.jpg\" alt=\"carte_midi_pyrenees_train_ter_gare.jpg\" align=\"center\" width=\"800\" height=\"565\" srcset=\"https:\/\/usagers-transports.haut-allier.eu\/wp-content\/uploads\/2014\/02\/carte_midi_pyrenees_train_ter_gare.jpg 800w, https:\/\/usagers-transports.haut-allier.eu\/wp-content\/uploads\/2014\/02\/carte_midi_pyrenees_train_ter_gare-300x212.jpg 300w, https:\/\/usagers-transports.haut-allier.eu\/wp-content\/uploads\/2014\/02\/carte_midi_pyrenees_train_ter_gare-768x542.jpg 768w\" sizes=\"auto, (max-width: 800px) 100vw, 800px\" \/><br \/>\n<em>La carte du r\u00e9seau r\u00e9gional de Midi Pyr\u00e9n\u00e9es<\/em><br \/>\n&nbsp;<br \/>\n&#8211; L&rsquo;article complet de Centre Presse est \u00e0 lire <a href=\"http:\/\/www.centrepresseaveyron.fr\/2014\/02\/11\/usagers-exasperes-martin-malvy-suspend-les-paiements-a-la-sncf,928423.php\">ici<\/a>.<br \/>\n&#8211; Un autre article du Parisien le 12 f\u00e9vrier <a href=\"http:\/\/www.leparisien.fr\/transports\/midi-pyrenees-le-conseil-regional-coupe-les-vivres-a-la-sncf-12-02-2014-3583877.php\">ici<\/a>.<\/p>\n","protected":false},"excerpt":{"rendered":"<p>[Mise \u00e0 jour du 20 f\u00e9vrier] &nbsp; La r\u00e9gion Nord Pas de Calais vient \u00e9galement de suspendre le<\/p>\n","protected":false},"author":1,"featured_media":1599,"comment_status":"closed","ping_status":"open","sticky":false,"template":"","format":"standard","meta":{"footnotes":""},"categories":[2],"tags":[],"class_list":["post-118","post","type-post","status-publish","format-standard","has-post-thumbnail","hentry","category-infos"],"_links":{"self":[{"href":"https:\/\/usagers-transports.haut-allier.eu\/index.php\/wp-json\/wp\/v2\/posts\/118","targetHints":{"allow":["GET"]}}],"collection":[{"href":"https:\/\/usagers-transports.haut-allier.eu\/index.php\/wp-json\/wp\/v2\/posts"}],"about":[{"href":"https:\/\/usagers-transports.haut-allier.eu\/index.php\/wp-json\/wp\/v2\/types\/post"}],"author":[{"embeddable":true,"href":"https:\/\/usagers-transports.haut-allier.eu\/index.php\/wp-json\/wp\/v2\/users\/1"}],"replies":[{"embeddable":true,"href":"https:\/\/usagers-transports.haut-allier.eu\/index.php\/wp-json\/wp\/v2\/comments?post=118"}],"version-history":[{"count":0,"href":"https:\/\/usagers-transports.haut-allier.eu\/index.php\/wp-json\/wp\/v2\/posts\/118\/revisions"}],"wp:featuredmedia":[{"embeddable":true,"href":"https:\/\/usagers-transports.haut-allier.eu\/index.php\/wp-json\/wp\/v2\/media\/1599"}],"wp:attachment":[{"href":"https:\/\/usagers-transports.haut-allier.eu\/index.php\/wp-json\/wp\/v2\/media?parent=118"}],"wp:term":[{"taxonomy":"category","embeddable":true,"href":"https:\/\/usagers-transports.haut-allier.eu\/index.php\/wp-json\/wp\/v2\/categories?post=118"},{"taxonomy":"post_tag","embeddable":true,"href":"https:\/\/usagers-transports.haut-allier.eu\/index.php\/wp-json\/wp\/v2\/tags?post=118"}],"curies":[{"name":"wp","href":"https:\/\/api.w.org\/{rel}","templated":true}]}}