{"id":1180,"date":"2025-02-05T08:15:34","date_gmt":"2025-02-05T07:15:34","guid":{"rendered":"http:\/\/5.45.101.177\/haut-allier\/usagers-transportse\/index.php\/2025\/02\/05\/l-heure-de-la-ligne-des-cevennes1180\/"},"modified":"2025-02-05T08:15:34","modified_gmt":"2025-02-05T07:15:34","slug":"l-heure-de-la-ligne-des-cevennes1180","status":"publish","type":"post","link":"https:\/\/usagers-transports.haut-allier.eu\/index.php\/2025\/02\/05\/l-heure-de-la-ligne-des-cevennes1180\/","title":{"rendered":"L&rsquo;heure de la ligne des C\u00e9vennes reviendra. Oui mais alors vite !"},"content":{"rendered":"<p>Bon article de Julien Rapegno dans la Montagne \/ L&rsquo;Eveil de ce 4 f\u00e9vrier qui relate l&rsquo;axe ferroviaire N\u00eemes Clermont-Ferrand et notre combat pour le maintenir et le moderniser depuis plus de 15 ans.<\/p>\n<p>Une \u00e9vocation sensible de la mobilit\u00e9 entre Auvergne et M\u00e9diterran\u00e9e sur l&rsquo;une des lignes Nord Sud restantes du r\u00e9seau du Massif central.<\/p>\n<p>Vous pourrez lire l&rsquo;article ici :<br \/>\nhttps:\/\/www.leveil.fr\/alleyras-43580\/economie\/entre-clermont-et-nimes-ce-train-dessert-des-bouts-du-monde-ou-les-autocars-n-osent-pas-s-aventurer_14635601\/<\/p>\n<p>Nous nous permettons une capture d&rsquo;\u00e9cran de l&rsquo;article entier :<\/p>\n<p><img loading=\"lazy\" decoding=\"async\" class=\" aligncenter size-full wp-image-5519\" src=\"http:\/\/5.45.101.177\/haut-allier\/usagers-transportse\/wp-content\/uploads\/2025\/02\/ev_l_eveil_20250204-page28-scaled.jpg\" alt=\"ev_l_eveil_20250204-page28.jpg\" align=\"center\" width=\"1843\" height=\"2560\" srcset=\"https:\/\/usagers-transports.haut-allier.eu\/wp-content\/uploads\/2025\/02\/ev_l_eveil_20250204-page28-scaled.jpg 1843w, https:\/\/usagers-transports.haut-allier.eu\/wp-content\/uploads\/2025\/02\/ev_l_eveil_20250204-page28-216x300.jpg 216w, https:\/\/usagers-transports.haut-allier.eu\/wp-content\/uploads\/2025\/02\/ev_l_eveil_20250204-page28-737x1024.jpg 737w, https:\/\/usagers-transports.haut-allier.eu\/wp-content\/uploads\/2025\/02\/ev_l_eveil_20250204-page28-768x1067.jpg 768w, https:\/\/usagers-transports.haut-allier.eu\/wp-content\/uploads\/2025\/02\/ev_l_eveil_20250204-page28-1106x1536.jpg 1106w, https:\/\/usagers-transports.haut-allier.eu\/wp-content\/uploads\/2025\/02\/ev_l_eveil_20250204-page28-1474x2048.jpg 1474w\" sizes=\"auto, (max-width: 1843px) 100vw, 1843px\" \/><\/p>\n<p>Nous avons repris la conclusion du journaliste dans notre titre. Oui l&rsquo;heure de la ligne reviendra mais la situation de coupures de services annuelle pour travaux ne peut plus durer, le service tr\u00e8s minimal quotidien de 3 AR doit \u00eatre revu avec un train matinal, et un service nocturne doit \u00eatre r\u00e9tabli.  <\/p>\n<p>Bonne lecture.<\/p>\n","protected":false},"excerpt":{"rendered":"<p>Bon article de Julien Rapegno dans la Montagne \/ L&rsquo;Eveil de ce 4 f\u00e9vrier qui relate l&rsquo;axe ferroviaire<\/p>\n","protected":false},"author":1,"featured_media":5518,"comment_status":"open","ping_status":"open","sticky":false,"template":"","format":"standard","meta":{"footnotes":""},"categories":[3],"tags":[],"class_list":["post-1180","post","type-post","status-publish","format-standard","has-post-thumbnail","hentry","category-en-train"],"_links":{"self":[{"href":"https:\/\/usagers-transports.haut-allier.eu\/index.php\/wp-json\/wp\/v2\/posts\/1180","targetHints":{"allow":["GET"]}}],"collection":[{"href":"https:\/\/usagers-transports.haut-allier.eu\/index.php\/wp-json\/wp\/v2\/posts"}],"about":[{"href":"https:\/\/usagers-transports.haut-allier.eu\/index.php\/wp-json\/wp\/v2\/types\/post"}],"author":[{"embeddable":true,"href":"https:\/\/usagers-transports.haut-allier.eu\/index.php\/wp-json\/wp\/v2\/users\/1"}],"replies":[{"embeddable":true,"href":"https:\/\/usagers-transports.haut-allier.eu\/index.php\/wp-json\/wp\/v2\/comments?post=1180"}],"version-history":[{"count":0,"href":"https:\/\/usagers-transports.haut-allier.eu\/index.php\/wp-json\/wp\/v2\/posts\/1180\/revisions"}],"wp:featuredmedia":[{"embeddable":true,"href":"https:\/\/usagers-transports.haut-allier.eu\/index.php\/wp-json\/wp\/v2\/media\/5518"}],"wp:attachment":[{"href":"https:\/\/usagers-transports.haut-allier.eu\/index.php\/wp-json\/wp\/v2\/media?parent=1180"}],"wp:term":[{"taxonomy":"category","embeddable":true,"href":"https:\/\/usagers-transports.haut-allier.eu\/index.php\/wp-json\/wp\/v2\/categories?post=1180"},{"taxonomy":"post_tag","embeddable":true,"href":"https:\/\/usagers-transports.haut-allier.eu\/index.php\/wp-json\/wp\/v2\/tags?post=1180"}],"curies":[{"name":"wp","href":"https:\/\/api.w.org\/{rel}","templated":true}]}}