{"id":1181,"date":"2025-02-09T07:56:59","date_gmt":"2025-02-09T06:56:59","guid":{"rendered":"http:\/\/5.45.101.177\/haut-allier\/usagers-transportse\/index.php\/2025\/02\/09\/ligne-des-cevennes-circulations1181\/"},"modified":"2025-02-09T07:56:59","modified_gmt":"2025-02-09T06:56:59","slug":"ligne-des-cevennes-circulations1181","status":"publish","type":"post","link":"https:\/\/usagers-transports.haut-allier.eu\/index.php\/2025\/02\/09\/ligne-des-cevennes-circulations1181\/","title":{"rendered":"Ligne des C\u00e9vennes : circulations supprim\u00e9es en catimini faute de d\u00e9neigement [MAJ]"},"content":{"rendered":"<p>Vous aussi vous l&rsquo;avez remarqu\u00e9 : depuis deux jours, depuis samedi 8 f\u00e9vrier, les trains entre Langeac et Langogne ont disparu sans pr\u00e9avis, sans alerte, sans fiche horaire adapt\u00e9e, sans transport de substitution.<\/p>\n<p>La cause ? La neige. Il a neig\u00e9 hier samedi 10 cm au moins en cours de journ\u00e9e et \u00e7a a commenc\u00e9 le matin avec un l\u00e9ger saupoudrage. <strong>SNCF R\u00e9seau a d\u00e9cid\u00e9 de ne pas d\u00e9neiger la section des gorges du haut Allier entre Langeac et Langogne<\/strong>. Ca s&rsquo;appelle de la gestion \u00ab\u00a0au jour le jour\u00a0\u00bb. Tant pis si les usagers ont achet\u00e9 des billets, ils se retrouveront sans solution. Les routes sont ferm\u00e9es. Non pas par d\u00e9cision pr\u00e9fectorale mais parce que pas d\u00e9neig\u00e9es. Et oui c&rsquo;est le week-end. <\/p>\n<p><em>Le village d&rsquo;Alleyras dans les gorges ce dimanche \u00e0 7h30<br \/>\n<\/em><br \/>\n<img loading=\"lazy\" decoding=\"async\" class=\" aligncenter size-full wp-image-5521\" src=\"http:\/\/5.45.101.177\/haut-allier\/usagers-transportse\/wp-content\/uploads\/2025\/02\/allcha2.jpg\" alt=\"allcha2.jpg\" align=\"center\" width=\"1280\" height=\"720\" srcset=\"https:\/\/usagers-transports.haut-allier.eu\/wp-content\/uploads\/2025\/02\/allcha2.jpg 1280w, https:\/\/usagers-transports.haut-allier.eu\/wp-content\/uploads\/2025\/02\/allcha2-300x169.jpg 300w, https:\/\/usagers-transports.haut-allier.eu\/wp-content\/uploads\/2025\/02\/allcha2-1024x576.jpg 1024w, https:\/\/usagers-transports.haut-allier.eu\/wp-content\/uploads\/2025\/02\/allcha2-768x432.jpg 768w\" sizes=\"auto, (max-width: 1280px) 100vw, 1280px\" \/><\/p>\n<p><em>Le site de la pr\u00e9fecture : tout roule, pas d&rsquo;alerte, rien \u00e0 signaler. La m\u00e9diocratie ambiante.<\/em><br \/>\n<img loading=\"lazy\" decoding=\"async\" class=\" aligncenter size-full wp-image-5522\" src=\"http:\/\/5.45.101.177\/haut-allier\/usagers-transportse\/wp-content\/uploads\/2025\/02\/fevrier-2025-actualites-2025-actualites-les-services-de-l-etat-en-haute-loire-02-09-2025_07_32_am.jpg\" alt=\"fevrier-2025-actualites-2025-actualites-les-services-de-l-etat-en-haute-loire-02-09-2025_07_32_am.jpg\" align=\"center\" width=\"850\" height=\"863\" srcset=\"https:\/\/usagers-transports.haut-allier.eu\/wp-content\/uploads\/2025\/02\/fevrier-2025-actualites-2025-actualites-les-services-de-l-etat-en-haute-loire-02-09-2025_07_32_am.jpg 850w, https:\/\/usagers-transports.haut-allier.eu\/wp-content\/uploads\/2025\/02\/fevrier-2025-actualites-2025-actualites-les-services-de-l-etat-en-haute-loire-02-09-2025_07_32_am-295x300.jpg 295w, https:\/\/usagers-transports.haut-allier.eu\/wp-content\/uploads\/2025\/02\/fevrier-2025-actualites-2025-actualites-les-services-de-l-etat-en-haute-loire-02-09-2025_07_32_am-768x780.jpg 768w\" sizes=\"auto, (max-width: 850px) 100vw, 850px\" \/><\/p>\n<p>Les excuses invoqu\u00e9es ce samedi sur le site SNCF-Connect \u00e9taient hallucinantes et s&rsquo;appuyaient, pour un trajet demand\u00e9 entre Langeac et Langogne, sur un avertissement m\u00e9t\u00e9o de fermeture des routes entre Al\u00e8s et G\u00e9nolhac !<\/p>\n<p>Le foutage de gueule de la SNCF envers ses clients n&rsquo;a plus de limite.<\/p>\n<p>Voici la recherche du jour sur SNCF-Connect, aujourd&rsquo;hui dimanche, m\u00eame plus une -fausse- excuse, rien, on vous renvoie sur le lendemain.<\/p>\n<p><em>On demande un billet pour le jour m\u00eame, dimanche :<\/em><br \/>\n<img loading=\"lazy\" decoding=\"async\" class=\" aligncenter size-full wp-image-5523\" src=\"http:\/\/5.45.101.177\/haut-allier\/usagers-transportse\/wp-content\/uploads\/2025\/02\/sncf-connect-resultats-d-itineraires-aller-02-09-2025_07_19_am.jpg\" alt=\"sncf-connect-resultats-d-itineraires-aller-02-09-2025_07_19_am.jpg\" align=\"center\" width=\"1121\" height=\"598\" srcset=\"https:\/\/usagers-transports.haut-allier.eu\/wp-content\/uploads\/2025\/02\/sncf-connect-resultats-d-itineraires-aller-02-09-2025_07_19_am.jpg 1121w, https:\/\/usagers-transports.haut-allier.eu\/wp-content\/uploads\/2025\/02\/sncf-connect-resultats-d-itineraires-aller-02-09-2025_07_19_am-300x160.jpg 300w, https:\/\/usagers-transports.haut-allier.eu\/wp-content\/uploads\/2025\/02\/sncf-connect-resultats-d-itineraires-aller-02-09-2025_07_19_am-1024x546.jpg 1024w, https:\/\/usagers-transports.haut-allier.eu\/wp-content\/uploads\/2025\/02\/sncf-connect-resultats-d-itineraires-aller-02-09-2025_07_19_am-768x410.jpg 768w\" sizes=\"auto, (max-width: 1121px) 100vw, 1121px\" \/><\/p>\n<p><em>On nous pr\u00e9sente les trains du lundi et encore s&rsquo;ils ne sont pas annul\u00e9s en quatimini ce soir !<\/em><br \/>\n<img loading=\"lazy\" decoding=\"async\" class=\" aligncenter size-full wp-image-5524\" src=\"http:\/\/5.45.101.177\/haut-allier\/usagers-transportse\/wp-content\/uploads\/2025\/02\/sncf-connect-resultats-d-itineraires-aller-02-09-2025_07_19_am2.jpg\" alt=\"sncf-connect-resultats-d-itineraires-aller-02-09-2025_07_19_am2.jpg\" align=\"center\" width=\"864\" height=\"462\" srcset=\"https:\/\/usagers-transports.haut-allier.eu\/wp-content\/uploads\/2025\/02\/sncf-connect-resultats-d-itineraires-aller-02-09-2025_07_19_am2.jpg 864w, https:\/\/usagers-transports.haut-allier.eu\/wp-content\/uploads\/2025\/02\/sncf-connect-resultats-d-itineraires-aller-02-09-2025_07_19_am2-300x160.jpg 300w, https:\/\/usagers-transports.haut-allier.eu\/wp-content\/uploads\/2025\/02\/sncf-connect-resultats-d-itineraires-aller-02-09-2025_07_19_am2-768x411.jpg 768w\" sizes=\"auto, (max-width: 864px) 100vw, 864px\" \/><\/p>\n<p><strong>La SNCF va-t-elle attendre que \u00e7a fonde pour r\u00e9tablir les trains ?<\/strong><\/p>\n<p>Ses agents feraient bien de prendre des cours de respect des voyageurs qui en ont plus que ras la patate. <\/p>\n<p><strong>[Mise \u00e0 jour du 09 f\u00e9vrier]<\/strong><\/p>\n<p>On nous signale de toutes parts que non la ligne a bien \u00e9t\u00e9 d\u00e9neig\u00e9e, que les trains sont pass\u00e9s, sauf le train de samedi matin. <\/p>\n<p><em>La d\u00e9neigeuse au niveau de Jonch\u00e8res<\/em><br \/>\n<img loading=\"lazy\" decoding=\"async\" class=\" aligncenter size-full wp-image-5525\" src=\"http:\/\/5.45.101.177\/haut-allier\/usagers-transportse\/wp-content\/uploads\/2025\/02\/deneigeuse_sncf_a_joncheres_le_08_fevrier_2025_12h53-scaled.jpg\" alt=\"deneigeuse_sncf_a_joncheres_le_08_fevrier_2025_12h53.jpg\" align=\"center\" width=\"2560\" height=\"1244\" srcset=\"https:\/\/usagers-transports.haut-allier.eu\/wp-content\/uploads\/2025\/02\/deneigeuse_sncf_a_joncheres_le_08_fevrier_2025_12h53-scaled.jpg 2560w, https:\/\/usagers-transports.haut-allier.eu\/wp-content\/uploads\/2025\/02\/deneigeuse_sncf_a_joncheres_le_08_fevrier_2025_12h53-300x146.jpg 300w, https:\/\/usagers-transports.haut-allier.eu\/wp-content\/uploads\/2025\/02\/deneigeuse_sncf_a_joncheres_le_08_fevrier_2025_12h53-1024x498.jpg 1024w, https:\/\/usagers-transports.haut-allier.eu\/wp-content\/uploads\/2025\/02\/deneigeuse_sncf_a_joncheres_le_08_fevrier_2025_12h53-768x373.jpg 768w, https:\/\/usagers-transports.haut-allier.eu\/wp-content\/uploads\/2025\/02\/deneigeuse_sncf_a_joncheres_le_08_fevrier_2025_12h53-1536x747.jpg 1536w, https:\/\/usagers-transports.haut-allier.eu\/wp-content\/uploads\/2025\/02\/deneigeuse_sncf_a_joncheres_le_08_fevrier_2025_12h53-2048x996.jpg 2048w\" sizes=\"auto, (max-width: 2560px) 100vw, 2560px\" \/><\/p>\n<p>Super. Merci aux agents qui ont fait leur boulot. Ceux qui n&rsquo;ont pas fait leur boulot ce serait SNCF-Connect qui a \u00ab\u00a0bugg\u00e9\u00a0\u00bb pendant deux jours, rendant impossible l&rsquo;achat des billets hors horaires de guichets. Ou alors rien ne leur a \u00e9t\u00e9 transmis.<\/p>\n<p>A ce sujet, les horaires d&rsquo;ouverture, \u00e0 Langogne pas de probl\u00e8me le week-end,  \u00e0 Langeac c&rsquo;est ouvert sauf le dimanche matin, \u00e0 Monistrol d&rsquo;Allier le w-end c&rsquo;est ferm\u00e9, \u00e0 Alleyras pas de guichet et \u00e0 Chapeauroux pas de guichet malgr\u00e9 sa pr\u00e9sence.<\/p>\n<p>Voici le passage du train Clermont Langogne le 8 f\u00e9vrier \u00e0 16h12 \u00e0 Jonch\u00e8res :<\/p>\n<p><a href=\"http:\/\/5.45.101.177\/haut-allier\/usagers-transportse\/wp-content\/uploads\/2025\/02\/train_direction_nimes_du_08_fevrier_2025_16h12_a_joncheres.mp4\">train_direction_nimes_du_08_fevrier_2025_16h12_a_joncheres.mp4<\/a><\/p>\n<p>Le passage du Clermont Langogne le 9 f\u00e9vrier \u00e0 16h08 toujours \u00e0 Jonch\u00e8res :<\/p>\n<p><a href=\"http:\/\/5.45.101.177\/haut-allier\/usagers-transportse\/wp-content\/uploads\/2025\/02\/train_direction_nimes_du_09_fevrier_2025_16h08_a_joncheres.mp4\">train_direction_nimes_du_09_fevrier_2025_16h08_a_joncheres.mp4<\/a><\/p>\n<p>Grand merci \u00e0 Joseph Cozzani qui nous a transmis ces images.<\/p>\n","protected":false},"excerpt":{"rendered":"<p>Vous aussi vous l&rsquo;avez remarqu\u00e9 : depuis deux jours, depuis samedi 8 f\u00e9vrier, les trains entre Langeac et<\/p>\n","protected":false},"author":1,"featured_media":5520,"comment_status":"closed","ping_status":"open","sticky":false,"template":"","format":"standard","meta":{"footnotes":""},"categories":[3],"tags":[],"class_list":["post-1181","post","type-post","status-publish","format-standard","has-post-thumbnail","hentry","category-en-train"],"_links":{"self":[{"href":"https:\/\/usagers-transports.haut-allier.eu\/index.php\/wp-json\/wp\/v2\/posts\/1181","targetHints":{"allow":["GET"]}}],"collection":[{"href":"https:\/\/usagers-transports.haut-allier.eu\/index.php\/wp-json\/wp\/v2\/posts"}],"about":[{"href":"https:\/\/usagers-transports.haut-allier.eu\/index.php\/wp-json\/wp\/v2\/types\/post"}],"author":[{"embeddable":true,"href":"https:\/\/usagers-transports.haut-allier.eu\/index.php\/wp-json\/wp\/v2\/users\/1"}],"replies":[{"embeddable":true,"href":"https:\/\/usagers-transports.haut-allier.eu\/index.php\/wp-json\/wp\/v2\/comments?post=1181"}],"version-history":[{"count":0,"href":"https:\/\/usagers-transports.haut-allier.eu\/index.php\/wp-json\/wp\/v2\/posts\/1181\/revisions"}],"wp:featuredmedia":[{"embeddable":true,"href":"https:\/\/usagers-transports.haut-allier.eu\/index.php\/wp-json\/wp\/v2\/media\/5520"}],"wp:attachment":[{"href":"https:\/\/usagers-transports.haut-allier.eu\/index.php\/wp-json\/wp\/v2\/media?parent=1181"}],"wp:term":[{"taxonomy":"category","embeddable":true,"href":"https:\/\/usagers-transports.haut-allier.eu\/index.php\/wp-json\/wp\/v2\/categories?post=1181"},{"taxonomy":"post_tag","embeddable":true,"href":"https:\/\/usagers-transports.haut-allier.eu\/index.php\/wp-json\/wp\/v2\/tags?post=1181"}],"curies":[{"name":"wp","href":"https:\/\/api.w.org\/{rel}","templated":true}]}}