{"id":1182,"date":"2025-02-13T19:08:21","date_gmt":"2025-02-13T18:08:21","guid":{"rendered":"http:\/\/5.45.101.177\/haut-allier\/usagers-transportse\/index.php\/2025\/02\/13\/pour-sauver-la-ligne-gueret1182\/"},"modified":"2025-02-13T19:08:21","modified_gmt":"2025-02-13T18:08:21","slug":"pour-sauver-la-ligne-gueret1182","status":"publish","type":"post","link":"https:\/\/usagers-transports.haut-allier.eu\/index.php\/2025\/02\/13\/pour-sauver-la-ligne-gueret1182\/","title":{"rendered":"Pour sauver la ligne Gu\u00e9ret Felletin manifestation le 1er mars \u00e0 12h00 \u00e0 Gu\u00e9ret"},"content":{"rendered":"<p>Apr\u00e8s notre <a href=\"https:\/\/usagers-transports.haut-allier.eu\/?disparition-de-la-ligne-felletin,1177.html\"><em>op\u00e9ration<\/em><\/a> destin\u00e9e \u00e0 augmenter les statistiques de fr\u00e9quentation de la ligne, la <a href=\"https:\/\/www.change.org\/p\/touche-pas-%C3%A0-ma-p-tite-ligne\"><em>p\u00e9tition<\/em><\/a> contre la fermeture recueille aujourd&rsquo;hui pr\u00e8s de 25 000 signatures.<\/p>\n<p><img loading=\"lazy\" decoding=\"async\" class=\" aligncenter size-full wp-image-5529\" src=\"http:\/\/5.45.101.177\/haut-allier\/usagers-transportse\/wp-content\/uploads\/2025\/02\/petition-.-touche-pas-a-ma-p-tite-ligne-creuse-france-.-change-org-02-13-2025_06_11_pm.jpg\" alt=\"petition-.-touche-pas-a-ma-p-tite-ligne-creuse-france-.-change-org-02-13-2025_06_11_pm.jpg\" align=\"center\" width=\"1236\" height=\"537\" srcset=\"https:\/\/usagers-transports.haut-allier.eu\/wp-content\/uploads\/2025\/02\/petition-.-touche-pas-a-ma-p-tite-ligne-creuse-france-.-change-org-02-13-2025_06_11_pm.jpg 1236w, https:\/\/usagers-transports.haut-allier.eu\/wp-content\/uploads\/2025\/02\/petition-.-touche-pas-a-ma-p-tite-ligne-creuse-france-.-change-org-02-13-2025_06_11_pm-300x130.jpg 300w, https:\/\/usagers-transports.haut-allier.eu\/wp-content\/uploads\/2025\/02\/petition-.-touche-pas-a-ma-p-tite-ligne-creuse-france-.-change-org-02-13-2025_06_11_pm-1024x445.jpg 1024w, https:\/\/usagers-transports.haut-allier.eu\/wp-content\/uploads\/2025\/02\/petition-.-touche-pas-a-ma-p-tite-ligne-creuse-france-.-change-org-02-13-2025_06_11_pm-768x334.jpg 768w\" sizes=\"auto, (max-width: 1236px) 100vw, 1236px\" \/><\/p>\n<p><strong>Une manifestation est pr\u00e9vue \u00e0 Gu\u00e9ret le 1er mars \u00e0 12h00, devant la gare.<\/strong> <\/p>\n<p>On pourra la rejoindre par le train de 11h10 \u00e0 Felletin, 11h20 \u00e0 Aubusson, 11h37 \u00e0 Lavaveix-les-Mines, 11h47 \u00e0 Busseau-sur-Creuse.<\/p>\n<p>Alors que la r\u00e9gion Nouvelle Aquitaine a pour projet <a href=\"https:\/\/www.nouvelle-aquitaine.fr\/les-actions\/amenagement-du-territoire\/transports\"><em>le cadencement de tout son r\u00e9seau<\/em> <\/a> TER, deux lignes semblent \u00eatre sacrifi\u00e9s \u00e0 l&rsquo;est de la r\u00e9gion, dont Felletin Gu\u00e9ret. La SNCF a annonc\u00e9 la suspension de la circulation des trains, \u00e0 compter du mois d&rsquo;ao\u00fbt 2025. <\/p>\n<p>\u00ab\u00a0Pas de fermeture de la ligne ferroviaire Gu\u00e9ret Felletin\u00a0\u00bb, est le mot d&rsquo;ordre lanc\u00e9 par les associations, les collectifs de voyageurs et les \u00e9lus creusois, qui ne veulent pas voir disparaitre la liaison. <\/p>\n<p>Tous ensemble \u00e0 Gu\u00e9ret ! Il est inadmissible que les petites lignes soient sacrifi\u00e9es. Le service TER doit y \u00eatre am\u00e9lior\u00e9 et une bill\u00e9tique incitatrice doit \u00eatre mis en place pour faire revenir les gens au train.<\/p>\n","protected":false},"excerpt":{"rendered":"<p>Apr\u00e8s notre op\u00e9ration destin\u00e9e \u00e0 augmenter les statistiques de fr\u00e9quentation de la ligne, la p\u00e9tition contre la fermeture<\/p>\n","protected":false},"author":1,"featured_media":5528,"comment_status":"open","ping_status":"open","sticky":false,"template":"","format":"standard","meta":{"footnotes":""},"categories":[5],"tags":[],"class_list":["post-1182","post","type-post","status-publish","format-standard","has-post-thumbnail","hentry","category-ensemble"],"_links":{"self":[{"href":"https:\/\/usagers-transports.haut-allier.eu\/index.php\/wp-json\/wp\/v2\/posts\/1182","targetHints":{"allow":["GET"]}}],"collection":[{"href":"https:\/\/usagers-transports.haut-allier.eu\/index.php\/wp-json\/wp\/v2\/posts"}],"about":[{"href":"https:\/\/usagers-transports.haut-allier.eu\/index.php\/wp-json\/wp\/v2\/types\/post"}],"author":[{"embeddable":true,"href":"https:\/\/usagers-transports.haut-allier.eu\/index.php\/wp-json\/wp\/v2\/users\/1"}],"replies":[{"embeddable":true,"href":"https:\/\/usagers-transports.haut-allier.eu\/index.php\/wp-json\/wp\/v2\/comments?post=1182"}],"version-history":[{"count":0,"href":"https:\/\/usagers-transports.haut-allier.eu\/index.php\/wp-json\/wp\/v2\/posts\/1182\/revisions"}],"wp:featuredmedia":[{"embeddable":true,"href":"https:\/\/usagers-transports.haut-allier.eu\/index.php\/wp-json\/wp\/v2\/media\/5528"}],"wp:attachment":[{"href":"https:\/\/usagers-transports.haut-allier.eu\/index.php\/wp-json\/wp\/v2\/media?parent=1182"}],"wp:term":[{"taxonomy":"category","embeddable":true,"href":"https:\/\/usagers-transports.haut-allier.eu\/index.php\/wp-json\/wp\/v2\/categories?post=1182"},{"taxonomy":"post_tag","embeddable":true,"href":"https:\/\/usagers-transports.haut-allier.eu\/index.php\/wp-json\/wp\/v2\/tags?post=1182"}],"curies":[{"name":"wp","href":"https:\/\/api.w.org\/{rel}","templated":true}]}}