{"id":1183,"date":"2025-02-14T08:28:48","date_gmt":"2025-02-14T07:28:48","guid":{"rendered":"http:\/\/5.45.101.177\/haut-allier\/usagers-transportse\/index.php\/2025\/02\/14\/ligne-des-causses-et-du-train1183\/"},"modified":"2025-02-14T08:28:48","modified_gmt":"2025-02-14T07:28:48","slug":"ligne-des-causses-et-du-train1183","status":"publish","type":"post","link":"https:\/\/usagers-transports.haut-allier.eu\/index.php\/2025\/02\/14\/ligne-des-causses-et-du-train1183\/","title":{"rendered":"Ligne des Causses et du train Aubrac : AG du comit\u00e9 pluraliste"},"content":{"rendered":"<p>Si vous vous trouvez entre B\u00e9ziers et Neussargues, vous \u00eates concern\u00e9s par ce qui suit : le Comit\u00e9 pluraliste qui d\u00e9fend la ligne des Causses depuis des dizaines d&rsquo;ann\u00e9es vous invite \u00e0 son assembl\u00e9e g\u00e9n\u00e9rale. Elle aura lieu \u00e0 Saint-Rome de Cernon (Aveyron) <\/p>\n<p><sc><strong>SAMEDI 22 FEVRIER 2025 DE 9H 00 \u00e0 11H30 SALLE DES FETES<\/strong><\/sc><\/p>\n<p>Voici l&rsquo;invitation et le bulletin d&rsquo;adh\u00e9sion en dessous :<\/p>\n<p><img loading=\"lazy\" decoding=\"async\" class=\" aligncenter size-full wp-image-5531\" src=\"http:\/\/5.45.101.177\/haut-allier\/usagers-transportse\/wp-content\/uploads\/2025\/02\/comite_pluraliste_ag_22_fevrier_2025_st_rome-de-cernon_convocation.jpg\" alt=\"comite_pluraliste_ag_22_fevrier_2025_st_rome-de-cernon_convocation.jpg\" align=\"center\" width=\"917\" height=\"1297\" srcset=\"https:\/\/usagers-transports.haut-allier.eu\/wp-content\/uploads\/2025\/02\/comite_pluraliste_ag_22_fevrier_2025_st_rome-de-cernon_convocation.jpg 917w, https:\/\/usagers-transports.haut-allier.eu\/wp-content\/uploads\/2025\/02\/comite_pluraliste_ag_22_fevrier_2025_st_rome-de-cernon_convocation-212x300.jpg 212w, https:\/\/usagers-transports.haut-allier.eu\/wp-content\/uploads\/2025\/02\/comite_pluraliste_ag_22_fevrier_2025_st_rome-de-cernon_convocation-724x1024.jpg 724w, https:\/\/usagers-transports.haut-allier.eu\/wp-content\/uploads\/2025\/02\/comite_pluraliste_ag_22_fevrier_2025_st_rome-de-cernon_convocation-768x1086.jpg 768w\" sizes=\"auto, (max-width: 917px) 100vw, 917px\" \/><\/p>\n<p><a href=\"http:\/\/5.45.101.177\/haut-allier\/usagers-transportse\/wp-content\/uploads\/2025\/02\/comite_pluraliste_carte_adhesion_2025-cor.pdf\">comite_pluraliste_carte_adhesion_2025-cor.pdf<\/a><\/p>\n<p>Pour que l&rsquo;axe B\u00e9ziers Millau S\u00e9verac Marvejols Saint &#8211; Ch\u00e9ly d&rsquo;Apcher Clermont-Ferrand continue \u00e0 vivre et de plus belle fa\u00e7on. Le <a href=\"https:\/\/aurail.eu\/2024\/08\/reprise-des-circulations-ter-aura-sur-la-ligne-des-causses-du-train-aubrac\/\"><em> <strong>Collectif Aurail<\/strong> <\/em><\/a> qui regroupe 19 organisations d&rsquo;usagers en Auvergne Rh\u00f4ne Alpes a pris l&rsquo;initiative de demander \u00e0 la r\u00e9gion Auvergne Rh\u00f4ne Alpes d\u00e8s mi 2024 le r\u00e9tablissement des TER entre Saint-Ch\u00e9ly d&rsquo;Apcher et Neussargues apr\u00e8s les travaux de renouvellement total de la ligne effectu\u00e9s \u00e0 l&rsquo;automne de l&rsquo;an dernier. Seul un bus circule depuis des dizaines d&rsquo;ann\u00e9es. A ce jour pas de r\u00e9ponse favorable mais nous allons avoir un rendez-vous avec le VP transports Aguilera fin f\u00e9vrier et nous comptons bien avoir une r\u00e9ponse claire.<\/p>\n<p><em>[En logo : la petite gare de Saint-Rome de Cernon]<\/em><\/p>\n<hr \/>\n","protected":false},"excerpt":{"rendered":"<p>Si vous vous trouvez entre B\u00e9ziers et Neussargues, vous \u00eates concern\u00e9s par ce qui suit : le Comit\u00e9<\/p>\n","protected":false},"author":1,"featured_media":5530,"comment_status":"open","ping_status":"open","sticky":false,"template":"","format":"standard","meta":{"footnotes":""},"categories":[5],"tags":[],"class_list":["post-1183","post","type-post","status-publish","format-standard","has-post-thumbnail","hentry","category-ensemble"],"_links":{"self":[{"href":"https:\/\/usagers-transports.haut-allier.eu\/index.php\/wp-json\/wp\/v2\/posts\/1183","targetHints":{"allow":["GET"]}}],"collection":[{"href":"https:\/\/usagers-transports.haut-allier.eu\/index.php\/wp-json\/wp\/v2\/posts"}],"about":[{"href":"https:\/\/usagers-transports.haut-allier.eu\/index.php\/wp-json\/wp\/v2\/types\/post"}],"author":[{"embeddable":true,"href":"https:\/\/usagers-transports.haut-allier.eu\/index.php\/wp-json\/wp\/v2\/users\/1"}],"replies":[{"embeddable":true,"href":"https:\/\/usagers-transports.haut-allier.eu\/index.php\/wp-json\/wp\/v2\/comments?post=1183"}],"version-history":[{"count":0,"href":"https:\/\/usagers-transports.haut-allier.eu\/index.php\/wp-json\/wp\/v2\/posts\/1183\/revisions"}],"wp:featuredmedia":[{"embeddable":true,"href":"https:\/\/usagers-transports.haut-allier.eu\/index.php\/wp-json\/wp\/v2\/media\/5530"}],"wp:attachment":[{"href":"https:\/\/usagers-transports.haut-allier.eu\/index.php\/wp-json\/wp\/v2\/media?parent=1183"}],"wp:term":[{"taxonomy":"category","embeddable":true,"href":"https:\/\/usagers-transports.haut-allier.eu\/index.php\/wp-json\/wp\/v2\/categories?post=1183"},{"taxonomy":"post_tag","embeddable":true,"href":"https:\/\/usagers-transports.haut-allier.eu\/index.php\/wp-json\/wp\/v2\/tags?post=1183"}],"curies":[{"name":"wp","href":"https:\/\/api.w.org\/{rel}","templated":true}]}}