{"id":1185,"date":"2025-02-15T15:21:28","date_gmt":"2025-02-15T14:21:28","guid":{"rendered":"http:\/\/5.45.101.177\/haut-allier\/usagers-transportse\/index.php\/2025\/02\/15\/ligne-clermont-tulle-bordeaux-la1185\/"},"modified":"2025-02-15T15:21:28","modified_gmt":"2025-02-15T14:21:28","slug":"ligne-clermont-tulle-bordeaux-la1185","status":"publish","type":"post","link":"https:\/\/usagers-transports.haut-allier.eu\/index.php\/2025\/02\/15\/ligne-clermont-tulle-bordeaux-la1185\/","title":{"rendered":"Ligne Clermont Tulle Bordeaux : la r\u00e9gion Nouvelle Aquitaine s&rsquo;engage pour la r\u00e9ouverture"},"content":{"rendered":"<p>Suite au rassemblement d&rsquo;hier \u00e0 Ussel pour la r\u00e9ouverture de Clermont &#8211; Ussel ferm\u00e9 il y a plus de dix ans, une tr\u00e8s bonne nouvelle, le conseiller r\u00e9gional de Tulle Pascal Cavitte, pr\u00e9sent contrairement \u00e0 son homologue auvergnat, a annonc\u00e9 que sa r\u00e9gion \u00e9tait pr\u00eate \u00e0 financer sa part dans la r\u00e9ouverture de la ligne, soit 15 millions d&rsquo;euros. <\/p>\n<p><img loading=\"lazy\" decoding=\"async\" class=\" aligncenter size-full wp-image-5536\" src=\"http:\/\/5.45.101.177\/haut-allier\/usagers-transportse\/wp-content\/uploads\/2025\/02\/ftvhd-5208-00-00-05-20-67af889a5acc1054261307.jpg\" alt=\"ftvhd-5208-00-00-05-20-67af889a5acc1054261307.jpg\" align=\"center\" width=\"790\" height=\"444\" srcset=\"https:\/\/usagers-transports.haut-allier.eu\/wp-content\/uploads\/2025\/02\/ftvhd-5208-00-00-05-20-67af889a5acc1054261307.jpg 790w, https:\/\/usagers-transports.haut-allier.eu\/wp-content\/uploads\/2025\/02\/ftvhd-5208-00-00-05-20-67af889a5acc1054261307-300x169.jpg 300w, https:\/\/usagers-transports.haut-allier.eu\/wp-content\/uploads\/2025\/02\/ftvhd-5208-00-00-05-20-67af889a5acc1054261307-768x432.jpg 768w\" sizes=\"auto, (max-width: 790px) 100vw, 790px\" \/><\/p>\n<p>L&rsquo;article de France 3 Nouvelle-Aquitaine :<\/p>\n<p><a href=\"https:\/\/france3-regions.francetvinfo.fr\/nouvelle-aquitaine\/correze\/brive\/ces-15-millions-on-est-pret-a-les-mettre-sur-la-table-pour-retrouver-des-trains-entre-ussel-et-clermont-ferrand-la-cooperation-sera-t-elle-possible-3108385.html\">https:\/\/france3-regions.francetvinfo.fr\/nouvelle-aquitaine\/correze\/brive\/ces-15-millions-on-est-pret-a-les-mettre-sur-la-table-pour-retrouver-des-trains-entre-ussel-et-clermont-ferrand-la-cooperation-sera-t-elle-possible-3108385.html<\/a><\/p>\n<p>C&rsquo;est maintenant au tour de la r\u00e9gion Auvergne Rh\u00f4ne Alpes de se prononcer sur ce qu&rsquo;elle compte faire pour la partie \u00e0 financer de son c\u00f4t\u00e9, 25 millions d&rsquo;euros.<\/p>\n<p>Le collectif Aurail ne manquera pas de poser la question \u00e0 Fr\u00e9d\u00e9ric Aguilera lors de l&rsquo;entrevue pr\u00e9vue tr\u00e8s bient\u00f4t \u00e0 Lyon.<\/p>\n<p><strong>Et l&rsquo;Intercit\u00e9s Lyon Bordeaux ?<\/strong><\/p>\n<p>Nous l&rsquo;interpellerons aussi sur le projet d&rsquo;Intercit\u00e9s Lyon Montlu\u00e7on Bordeaux qu&rsquo;il s&rsquo;\u00e9tait engag\u00e9 \u00e0 porter en juin 2024.<\/p>\n<p>La balle est encore une fois dans le camp de la r\u00e9gion de l&rsquo;\u00e9quipe Wauquiez \/ Pannekoucke. Des nouvelles bient\u00f4t donc.<\/p>\n","protected":false},"excerpt":{"rendered":"<p>Suite au rassemblement d&rsquo;hier \u00e0 Ussel pour la r\u00e9ouverture de Clermont &#8211; Ussel ferm\u00e9 il y a plus<\/p>\n","protected":false},"author":1,"featured_media":5535,"comment_status":"open","ping_status":"open","sticky":false,"template":"","format":"standard","meta":{"footnotes":""},"categories":[3],"tags":[],"class_list":["post-1185","post","type-post","status-publish","format-standard","has-post-thumbnail","hentry","category-en-train"],"_links":{"self":[{"href":"https:\/\/usagers-transports.haut-allier.eu\/index.php\/wp-json\/wp\/v2\/posts\/1185","targetHints":{"allow":["GET"]}}],"collection":[{"href":"https:\/\/usagers-transports.haut-allier.eu\/index.php\/wp-json\/wp\/v2\/posts"}],"about":[{"href":"https:\/\/usagers-transports.haut-allier.eu\/index.php\/wp-json\/wp\/v2\/types\/post"}],"author":[{"embeddable":true,"href":"https:\/\/usagers-transports.haut-allier.eu\/index.php\/wp-json\/wp\/v2\/users\/1"}],"replies":[{"embeddable":true,"href":"https:\/\/usagers-transports.haut-allier.eu\/index.php\/wp-json\/wp\/v2\/comments?post=1185"}],"version-history":[{"count":0,"href":"https:\/\/usagers-transports.haut-allier.eu\/index.php\/wp-json\/wp\/v2\/posts\/1185\/revisions"}],"wp:featuredmedia":[{"embeddable":true,"href":"https:\/\/usagers-transports.haut-allier.eu\/index.php\/wp-json\/wp\/v2\/media\/5535"}],"wp:attachment":[{"href":"https:\/\/usagers-transports.haut-allier.eu\/index.php\/wp-json\/wp\/v2\/media?parent=1185"}],"wp:term":[{"taxonomy":"category","embeddable":true,"href":"https:\/\/usagers-transports.haut-allier.eu\/index.php\/wp-json\/wp\/v2\/categories?post=1185"},{"taxonomy":"post_tag","embeddable":true,"href":"https:\/\/usagers-transports.haut-allier.eu\/index.php\/wp-json\/wp\/v2\/tags?post=1185"}],"curies":[{"name":"wp","href":"https:\/\/api.w.org\/{rel}","templated":true}]}}