{"id":1186,"date":"2025-02-17T17:05:19","date_gmt":"2025-02-17T16:05:19","guid":{"rendered":"http:\/\/5.45.101.177\/haut-allier\/usagers-transportse\/index.php\/2025\/02\/17\/ligne-des-cevennes-reponse1186\/"},"modified":"2025-02-17T17:05:19","modified_gmt":"2025-02-17T16:05:19","slug":"ligne-des-cevennes-reponse1186","status":"publish","type":"post","link":"https:\/\/usagers-transports.haut-allier.eu\/index.php\/2025\/02\/17\/ligne-des-cevennes-reponse1186\/","title":{"rendered":"Difficile reprise des circulations TER sur la ligne des C\u00e9vennes apr\u00e8s le d\u00e9raillement : la r\u00e9gion AuRA explique"},"content":{"rendered":"<p>La r\u00e9gion Auvergne Rh\u00f4ne Alpes aura mis plus de 4 mois pour r\u00e9pondre \u00e0 notre <a href=\"https:\/\/usagers-transports.haut-allier.eu\/?suite-au-deraillement-a-villefort,1149\"><em>interpellation<\/em><\/a> du 29 octobre. Pour rappel apr\u00e8s le <a href=\"https:\/\/usagers-transports.haut-allier.eu\/?ligne-des-cevennes-un-ter-percute,1147\"><em>d\u00e9raillement<\/em><\/a> d&rsquo;un TER pr\u00e8s de Villefort le 25 octobre, \u00e9trangement les circulations au nord, entre La Bastide et Clermont-Ferrand ont \u00e9t\u00e9 coup\u00e9es sans pr\u00e9avis durant pr\u00e8s d&rsquo;un mois, sans aucune solution, alors que les billets continuaient \u00e0 se vendre sur SNCF-Connect. Et lorsqu&rsquo;elles ont \u00e9t\u00e9 r\u00e9tablies ce ne fut pas compl\u00e8tement mais que jusqu&rsquo;\u00e0 Langogne. Voici l&rsquo;explication du Cabinet du Pr\u00e9sident Fabrice Pannekoucke re\u00e7ue ce jour :<\/p>\n<blockquote class=\"poesie\">\n<p><em><br \/>\nJe fais suite au courriel que vous avez bien voulu adresser au Pr\u00e9sident de R\u00e9gion Fabrice PANNEKOUCKE.<\/p>\n<p>Suite \u00e0 l\u2019\u00e9boulement qui est survenu cet automne, un Plan de transport adapt\u00e9 (PTA) a \u00e9t\u00e9 mis en place par les services TER des deux r\u00e9gions Auvergne-Rh\u00f4ne-Alpes et Occitanie.<\/p>\n<p>Le PTA actuel s\u2019applique du 6 d\u00e9cembre au 23 f\u00e9vrier, puis interviendra ensuite un second PTA du 24 f\u00e9vrier au 25 avril et du 25 avril au 6 juin pour tenir compte des travaux programm\u00e9s entre Brioude Langeac et Langogne sur cette p\u00e9riode (f\u00e9vrier\/juin).<\/p>\n<p>A compter du 25 avril la circulation des trains de N\u00eemes \u00e0 Langogne pourra \u00eatre r\u00e9tablie.<\/p>\n<p><strong>Dans le cadre du PTA actuel, TER a bien \u00e9tudi\u00e9 la possibilit\u00e9 de r\u00e9aliser des circulations au-del\u00e0 de Langogne pour quelques trains. Mais pour des raisons de rotation de mat\u00e9riel, d\u2019horaires d\u2019agents en gare, de r\u00e8glementation du personnel de conduite et de dur\u00e9e de travail, les journ\u00e9es de service des conducteurs ne permettaient pas d\u2019effectuer des heures de roulement suppl\u00e9mentaires. Le PTA mis en place tient compte des moyens \u00e0 disposition et des contraintes d\u2019exploitations li\u00e9es \u00e0 la coupure.<\/strong><\/p>\n<p>En compl\u00e9ment de l\u2019offre ferroviaire, des circulations routi\u00e8res de substitution ont \u00e9t\u00e9 mises en place ainsi que des services \u00e0 la demande.<\/p>\n<p>Je vous remercie pour votre compr\u00e9hension.<\/p>\n<p>Bien cordialement.<br \/>\n<\/em><\/p>\n<\/blockquote>\n<p>Justement, non, on ne comprend pas ce rel\u00e2chement g\u00e9n\u00e9ral du service TER par manque de moyens et disons le par manque de volont\u00e9. Quand on veut un service fiable sur le territoire on met tout en oeuvre. Ici on ne met rien de sp\u00e9cial en route, et les moyens de routine ne sont pas adapt\u00e9s, bien entendu, aux situations particuli\u00e8res.<\/p>\n<p>Nous laisserons les usagers victimes de ces dysfonctionnements appr\u00e9cier ce retour des mois plus tard alors qu&rsquo;ils se pr\u00e9parent \u00e0 une nouvelle coupure de fin f\u00e9vrier \u00e0 d\u00e9but juin pour les p\u00e9tassages habituels depuis 15 ans sur la ligne. <\/p>\n","protected":false},"excerpt":{"rendered":"<p>La r\u00e9gion Auvergne Rh\u00f4ne Alpes aura mis plus de 4 mois pour r\u00e9pondre \u00e0 notre interpellation du 29<\/p>\n","protected":false},"author":1,"featured_media":5537,"comment_status":"open","ping_status":"open","sticky":false,"template":"","format":"standard","meta":{"footnotes":""},"categories":[3],"tags":[],"class_list":["post-1186","post","type-post","status-publish","format-standard","has-post-thumbnail","hentry","category-en-train"],"_links":{"self":[{"href":"https:\/\/usagers-transports.haut-allier.eu\/index.php\/wp-json\/wp\/v2\/posts\/1186","targetHints":{"allow":["GET"]}}],"collection":[{"href":"https:\/\/usagers-transports.haut-allier.eu\/index.php\/wp-json\/wp\/v2\/posts"}],"about":[{"href":"https:\/\/usagers-transports.haut-allier.eu\/index.php\/wp-json\/wp\/v2\/types\/post"}],"author":[{"embeddable":true,"href":"https:\/\/usagers-transports.haut-allier.eu\/index.php\/wp-json\/wp\/v2\/users\/1"}],"replies":[{"embeddable":true,"href":"https:\/\/usagers-transports.haut-allier.eu\/index.php\/wp-json\/wp\/v2\/comments?post=1186"}],"version-history":[{"count":0,"href":"https:\/\/usagers-transports.haut-allier.eu\/index.php\/wp-json\/wp\/v2\/posts\/1186\/revisions"}],"wp:featuredmedia":[{"embeddable":true,"href":"https:\/\/usagers-transports.haut-allier.eu\/index.php\/wp-json\/wp\/v2\/media\/5537"}],"wp:attachment":[{"href":"https:\/\/usagers-transports.haut-allier.eu\/index.php\/wp-json\/wp\/v2\/media?parent=1186"}],"wp:term":[{"taxonomy":"category","embeddable":true,"href":"https:\/\/usagers-transports.haut-allier.eu\/index.php\/wp-json\/wp\/v2\/categories?post=1186"},{"taxonomy":"post_tag","embeddable":true,"href":"https:\/\/usagers-transports.haut-allier.eu\/index.php\/wp-json\/wp\/v2\/tags?post=1186"}],"curies":[{"name":"wp","href":"https:\/\/api.w.org\/{rel}","templated":true}]}}