{"id":1187,"date":"2025-03-09T09:50:34","date_gmt":"2025-03-09T08:50:34","guid":{"rendered":"http:\/\/5.45.101.177\/haut-allier\/usagers-transportse\/index.php\/2025\/03\/09\/ligne-des-cevennes-le-relevement1187\/"},"modified":"2025-03-09T09:50:34","modified_gmt":"2025-03-09T08:50:34","slug":"ligne-des-cevennes-le-relevement1187","status":"publish","type":"post","link":"https:\/\/usagers-transports.haut-allier.eu\/index.php\/2025\/03\/09\/ligne-des-cevennes-le-relevement1187\/","title":{"rendered":"Ligne des C\u00e9vennes : le rel\u00e8vement des vitesses dans les gorges une nouvelle fois report\u00e9 !"},"content":{"rendered":"<p>C&rsquo;est une histoire \u00e0 n&rsquo;en plus finir. Le relev\u00e9 des vitesses, actuellement \u00e0 40 kmh, dans les gorges de l&rsquo;Allier, promis par SNCF R\u00e9seau pour 2025, vient une nouvelle fois d&rsquo;\u00eatre report\u00e9e aux calendes grecques par le gestionnaire du r\u00e9seau. La cause en serait l&rsquo;\u00e9tat des ouvrages d&rsquo;art&#8230; alors que ceux ci sont l&rsquo;unique attention de ce dernier depuis 10 ans, avec l&rsquo;entretien des talus et autres mottes de terre, \u00e9vitant bien entendu le renouvellement total de la voie.<\/p>\n<p>Encore cette ann\u00e9e les travaux qui vont durer jusqu&rsquo;au 6 juin, alors que c\u00f4t\u00e9 Occitanie la voie est circulable <a href=\"https:\/\/usagers-transports.haut-allier.eu\/?ligne-ferroviaire-nimes-clermont,1163.html#:&nbsp;:text=Accueil-,Ligne%20ferroviaire%20N%C3%AEmes%20Clermont%2DFerrand%20%3A%20Reprise%20des,circulations%20le%2024%20avril%202025&#038;text=La%20direction%20territoriale%20de%20SNCF,C%C3%A9vennes%20%3A%20le%20jeudi%2024%20avril.\"><em>\u00e0 partir du 24 avril<\/em><\/a>, ont \u00e9t\u00e9 qualifi\u00e9s par SNCF R\u00e9seau de \u00ab\u00a0travaux d&rsquo;envergure\u00a0\u00bb. En guise d&rsquo;envergure on est en train de refaire des murs de sout\u00e8nement, de conforter des talus ainsi qu&rsquo;une vingtaine de tunnels de la ligne. Nous aurons les tunnels les plus resplendissants d&rsquo;Europe. Ils vont co\u00fbter 10 millions d&rsquo;\u20acuros (50% r\u00e9gion Auvergne &#8211; Rh\u00f4ne-Alpes, 41,5 Etat et 8,5 SNCF R\u00e9seau). Remplacement aussi de quelques c\u00e2bles ainsi que la remise en peinture de deux signaux. Le tout pour une dizaine de millions. La SNCF ne se fout pas royalement des usagers et des \u00e9lus, non.<\/p>\n<p><em>La carte de la zone ralentie entre Monistrol d&rsquo;Allier et Chapeauroux <a href=\"https:\/\/vivele.traincevenol.eu\/\">merci \u00e0 vivele.traincevenol.eu<\/a><\/em><br \/>\n<img loading=\"lazy\" decoding=\"async\" class=\" aligncenter size-full wp-image-5539\" src=\"http:\/\/5.45.101.177\/haut-allier\/usagers-transportse\/wp-content\/uploads\/2025\/03\/la-carte-interactive-vive-le-train-cevenol-03-09-2025-40.jpg\" alt=\"la-carte-interactive-vive-le-train-cevenol--03-09-2025-40.jpg\" align=\"center\" width=\"669\" height=\"572\" srcset=\"https:\/\/usagers-transports.haut-allier.eu\/wp-content\/uploads\/2025\/03\/la-carte-interactive-vive-le-train-cevenol-03-09-2025-40.jpg 669w, https:\/\/usagers-transports.haut-allier.eu\/wp-content\/uploads\/2025\/03\/la-carte-interactive-vive-le-train-cevenol-03-09-2025-40-300x257.jpg 300w\" sizes=\"auto, (max-width: 669px) 100vw, 669px\" \/><\/p>\n<p>Quand on s&rsquo;aper\u00e7oit que pour le moment aucun financement n&rsquo;est pr\u00e9vu pour 2026, le relev\u00e9 des vitesses, pr\u00e9vu de 40 \u00e0 60 par le gestionnaire, attendra encore des lustres. Mais SNCF R\u00e9seau veille au grain il n&rsquo;est pas question que la ligne reprenne de la valeur, car elle est la plus courte entre Paris et la M\u00e9diterran\u00e9e. Toujours dans ses objectifs cach\u00e9s de r\u00e9duire le r\u00e9seau ferr\u00e9 national des dites \u00ab\u00a0petites lignes\u00a0\u00bb. La vitesse nominale pr\u00e9vue pour la ligne depuis 150 ans c&rsquo;est entre 70 et 85 kmh. Pas 60.<\/p>\n<p><strong>Historique du ralentissement<\/strong><\/p>\n<p>Fin 2008, la section de la ligne comprise entre Langeac et Langogne voyait sa vitesse r\u00e9duite \u00e0 30 kmh. Fin 2011 on passe \u00e0 40.<\/p>\n<p>26 septembre 2014 : la vitesse limite entre Chapeauroux et Langogne, qui avait \u00e9t\u00e9 abaiss\u00e9e \u00e0 40 kmh pour cause de mauvais \u00e9tat de la voie, repasse \u00e0 70 kmh apr\u00e8s des travaux.<\/p>\n<p><strong>Un petit gain de temps n\u00e9anmoins<\/strong><\/p>\n<p>Si la vitesse repasse ne serait-ce qu&rsquo;\u00e0 60 sur les 24 km de gorges, le temps gagn\u00e9 sera de 12 minutes. Ainsi le TER 873995 du \u00ab\u00a0soir\u00a0\u00bb d\u00e9part 16h40 de Clermont arriverait \u00e0 21h52 \u00e0 N\u00eemes au lieu de 22h04 \u00e0 N\u00eemes. Insuffisant certes pour prendre le 21h29 vers Marseille les week-ends. R\u00e9duction g\u00e9n\u00e9rale de l&rsquo;offre oblige.<\/p>\n<p>Dans le sens Sud Nord l&rsquo;arriv\u00e9e actuelle \u00e0 22h25 \u00e0 Clermont se ferait \u00e0 22h13. L\u00e0 aussi impossible de prendre le dernier Intercit\u00e9s pour Paris qui part \u00e0 19h et quelques.<\/p>\n<p><strong>Des projets il y en a<\/strong><\/p>\n<p>D&rsquo;abord la fr\u00e9quentation des trains de la ligne explose malgr\u00e9 al\u00e9as et autres d\u00e9raillements et \u00e9boulements : plus de 50% de plus de voyageurs depuis 2022.<\/p>\n<p>Nous attendons tous le retour du train de nuit qui reliera Paris \u00e0 Al\u00e8s. Le projet est propos\u00e9 par l&rsquo;association <a href=\"https:\/\/destinationtrainsdenuit.eu\"><em>Destination Trains de nuit<\/em><\/a> dans ses nouvelles pr\u00e9conisations \u00ab\u00a0\u00e0 courte \u00e9ch\u00e9ance\u00a0\u00bb qu&rsquo;elle publiera ce mois. Le train de nuit offrirait un 4\u00e8me aller retour nocturne inexistant \u00e0 ce jour et r\u00e9int\u00e8grerait l&rsquo;axe dans le r\u00e9seau Intercit\u00e9s.<\/p>\n<p>Il y a aussi la cr\u00e9ation que nous avons demand\u00e9, avec le <a href=\"https:\/\/aurail.eu\"><em>collectif Aurail<\/em><\/a> d&rsquo;un train matinal entre La Bastide Saint-Laurent et Clermont-Ferrand. Il n&rsquo;existe depuis tr\u00e8s longtemps aucun train avant 10h30. Une vraie honte. la r\u00e9gion Auvergne Rh\u00f4ne Alpes a inscrit ce train dans le cahier des charges en vue de l&rsquo;ouverture \u00e0 la concurrence en 2028.<\/p>\n<p>L&rsquo;objectif de tous est de retrouver une ligne ferroviaire attractive, fiable et p\u00e9renne.<\/p>\n<p>Nous allons rencontrer Mme la Pr\u00e9f\u00e8te d&rsquo;Auvergne Rh\u00f4ne Alpes lundi 10 mars\u00e0 Lyon. Nous lui reparlerons bien entendu du comportement ind\u00e9cent de SNCF R\u00e9seau qui s&rsquo;amuse avec l&rsquo;argent public. Nous rencontrerons d&rsquo;ailleurs l&rsquo;organisme aussi avec <a href=\"https:\/\/aurail.eu\"><em>Aurail<\/em><\/a> en avril. <\/p>\n","protected":false},"excerpt":{"rendered":"<p>C&rsquo;est une histoire \u00e0 n&rsquo;en plus finir. Le relev\u00e9 des vitesses, actuellement \u00e0 40 kmh, dans les gorges<\/p>\n","protected":false},"author":1,"featured_media":5538,"comment_status":"closed","ping_status":"open","sticky":false,"template":"","format":"standard","meta":{"footnotes":""},"categories":[3],"tags":[],"class_list":["post-1187","post","type-post","status-publish","format-standard","has-post-thumbnail","hentry","category-en-train"],"_links":{"self":[{"href":"https:\/\/usagers-transports.haut-allier.eu\/index.php\/wp-json\/wp\/v2\/posts\/1187","targetHints":{"allow":["GET"]}}],"collection":[{"href":"https:\/\/usagers-transports.haut-allier.eu\/index.php\/wp-json\/wp\/v2\/posts"}],"about":[{"href":"https:\/\/usagers-transports.haut-allier.eu\/index.php\/wp-json\/wp\/v2\/types\/post"}],"author":[{"embeddable":true,"href":"https:\/\/usagers-transports.haut-allier.eu\/index.php\/wp-json\/wp\/v2\/users\/1"}],"replies":[{"embeddable":true,"href":"https:\/\/usagers-transports.haut-allier.eu\/index.php\/wp-json\/wp\/v2\/comments?post=1187"}],"version-history":[{"count":0,"href":"https:\/\/usagers-transports.haut-allier.eu\/index.php\/wp-json\/wp\/v2\/posts\/1187\/revisions"}],"wp:featuredmedia":[{"embeddable":true,"href":"https:\/\/usagers-transports.haut-allier.eu\/index.php\/wp-json\/wp\/v2\/media\/5538"}],"wp:attachment":[{"href":"https:\/\/usagers-transports.haut-allier.eu\/index.php\/wp-json\/wp\/v2\/media?parent=1187"}],"wp:term":[{"taxonomy":"category","embeddable":true,"href":"https:\/\/usagers-transports.haut-allier.eu\/index.php\/wp-json\/wp\/v2\/categories?post=1187"},{"taxonomy":"post_tag","embeddable":true,"href":"https:\/\/usagers-transports.haut-allier.eu\/index.php\/wp-json\/wp\/v2\/tags?post=1187"}],"curies":[{"name":"wp","href":"https:\/\/api.w.org\/{rel}","templated":true}]}}