{"id":1188,"date":"2025-03-12T13:15:34","date_gmt":"2025-03-12T12:15:34","guid":{"rendered":"http:\/\/5.45.101.177\/haut-allier\/usagers-transportse\/index.php\/2025\/03\/12\/avec-le-collectif-aurail-nous1188\/"},"modified":"2025-03-12T13:15:34","modified_gmt":"2025-03-12T12:15:34","slug":"avec-le-collectif-aurail-nous1188","status":"publish","type":"post","link":"https:\/\/usagers-transports.haut-allier.eu\/index.php\/2025\/03\/12\/avec-le-collectif-aurail-nous1188\/","title":{"rendered":"Avec le Collectif AuRAil nous avons \u00e9t\u00e9 re\u00e7u par Mme la Pr\u00e9f\u00e8te de la R\u00e9gion Auvergne Rh\u00f4ne Alpes"},"content":{"rendered":"<p>C&rsquo;est la 3\u00e8me rencontre et le communiqu\u00e9 de presse du Collectif qui regroupe 20 organisations d&rsquo;AuRA a \u00e9t\u00e9 diffus\u00e9 ce mercredi :<\/p>\n<p>https:\/\/aurail.eu\/2025\/03\/rencontre-du-10-mars-2025-a-lyon-avec-fabienne-buccio-prefete-de-la-region-auvergne-rhone-alpes\/<\/p>\n<p>Peu de temps avant dans l&rsquo;apr\u00e8s-midi un caf\u00e9 presse \u00e9tait organis\u00e9 avenue Mar\u00e9chal de Saxe et quelques journalistes r\u00e9gionaux ont pu \u00e9changer avec nous.<\/p>\n<p><em>Autour de Fabienne Buccio les quelques rescap\u00e9s des 12 membres d&rsquo;AuRAil ayant particip\u00e9 (beaucoup partis prendre l&rsquo;un des rares trains du soir)<\/em><br \/>\n<img loading=\"lazy\" decoding=\"async\" class=\" aligncenter size-full wp-image-5541\" src=\"http:\/\/5.45.101.177\/haut-allier\/usagers-transportse\/wp-content\/uploads\/2025\/03\/img_20250310_181347-scaled.jpg\" alt=\"img_20250310_181347.jpg\" align=\"center\" width=\"2560\" height=\"1920\" srcset=\"https:\/\/usagers-transports.haut-allier.eu\/wp-content\/uploads\/2025\/03\/img_20250310_181347-scaled.jpg 2560w, https:\/\/usagers-transports.haut-allier.eu\/wp-content\/uploads\/2025\/03\/img_20250310_181347-300x225.jpg 300w, https:\/\/usagers-transports.haut-allier.eu\/wp-content\/uploads\/2025\/03\/img_20250310_181347-1024x768.jpg 1024w, https:\/\/usagers-transports.haut-allier.eu\/wp-content\/uploads\/2025\/03\/img_20250310_181347-768x576.jpg 768w, https:\/\/usagers-transports.haut-allier.eu\/wp-content\/uploads\/2025\/03\/img_20250310_181347-1536x1152.jpg 1536w, https:\/\/usagers-transports.haut-allier.eu\/wp-content\/uploads\/2025\/03\/img_20250310_181347-2048x1536.jpg 2048w\" sizes=\"auto, (max-width: 2560px) 100vw, 2560px\" \/><\/p>\n<p>Les avanc\u00e9es au niveau r\u00e9gional sont int\u00e9ressantes, pour les lignes des Alpes qui vont profiter des JO d&rsquo;hiver de 2030, pour les lignes de la zone de la mine de lithium dans l&rsquo;Allier (Gannat &#8211; Montlu\u00e7on), mais au del\u00e0 il semble que nous ayons enfin pu rencontrer une \u00e9quipe volontariste, de confiance, pour faire avancer le sujet du train dans la r\u00e9gion. C&rsquo;est le plus important. Nous ne pouvons pas vous en dire plus pour le moment. <\/p>\n<p>Un tour des probl\u00e8mes notamment concernant la ligne des C\u00e9vennes a \u00e9t\u00e9 fait aussi dans la matin\u00e9e sur RCF Haute-Loire puisque nous \u00e9tions les invit\u00e9s de leur Matinale du lendemain. Voici notre intervention en deux \u00e9pisodes, en invit\u00e9 et dans le journal :<\/p>\n<p><img loading=\"lazy\" decoding=\"async\" class=\" aligncenter size-full wp-image-5542\" src=\"http:\/\/5.45.101.177\/haut-allier\/usagers-transportse\/wp-content\/uploads\/2025\/03\/screenshot-www.rcf_.fr-2025.03.11-15_44_54.jpg\" alt=\"screenshot-www.rcf.fr-2025.03.11-15_44_54.jpg\" align=\"center\" width=\"865\" height=\"333\" srcset=\"https:\/\/usagers-transports.haut-allier.eu\/wp-content\/uploads\/2025\/03\/screenshot-www.rcf_.fr-2025.03.11-15_44_54.jpg 865w, https:\/\/usagers-transports.haut-allier.eu\/wp-content\/uploads\/2025\/03\/screenshot-www.rcf_.fr-2025.03.11-15_44_54-300x115.jpg 300w, https:\/\/usagers-transports.haut-allier.eu\/wp-content\/uploads\/2025\/03\/screenshot-www.rcf_.fr-2025.03.11-15_44_54-768x296.jpg 768w\" sizes=\"auto, (max-width: 865px) 100vw, 865px\" \/><\/p>\n<p><a href=\"http:\/\/5.45.101.177\/haut-allier\/usagers-transportse\/wp-content\/uploads\/2025\/03\/2025-03-11-15_26_21.mp3\">2025-03-11-15_26_21.mp3<\/a><\/p>\n<p><a href=\"http:\/\/5.45.101.177\/haut-allier\/usagers-transportse\/wp-content\/uploads\/2025\/03\/2025-03-11-15_20_23.mp3\">2025-03-11-15_20_23.mp3<\/a><\/p>\n","protected":false},"excerpt":{"rendered":"<p>C&rsquo;est la 3\u00e8me rencontre et le communiqu\u00e9 de presse du Collectif qui regroupe 20 organisations d&rsquo;AuRA a \u00e9t\u00e9<\/p>\n","protected":false},"author":1,"featured_media":5540,"comment_status":"open","ping_status":"open","sticky":false,"template":"","format":"standard","meta":{"footnotes":""},"categories":[8],"tags":[],"class_list":["post-1188","post","type-post","status-publish","format-standard","has-post-thumbnail","hentry","category-communiques"],"_links":{"self":[{"href":"https:\/\/usagers-transports.haut-allier.eu\/index.php\/wp-json\/wp\/v2\/posts\/1188","targetHints":{"allow":["GET"]}}],"collection":[{"href":"https:\/\/usagers-transports.haut-allier.eu\/index.php\/wp-json\/wp\/v2\/posts"}],"about":[{"href":"https:\/\/usagers-transports.haut-allier.eu\/index.php\/wp-json\/wp\/v2\/types\/post"}],"author":[{"embeddable":true,"href":"https:\/\/usagers-transports.haut-allier.eu\/index.php\/wp-json\/wp\/v2\/users\/1"}],"replies":[{"embeddable":true,"href":"https:\/\/usagers-transports.haut-allier.eu\/index.php\/wp-json\/wp\/v2\/comments?post=1188"}],"version-history":[{"count":0,"href":"https:\/\/usagers-transports.haut-allier.eu\/index.php\/wp-json\/wp\/v2\/posts\/1188\/revisions"}],"wp:featuredmedia":[{"embeddable":true,"href":"https:\/\/usagers-transports.haut-allier.eu\/index.php\/wp-json\/wp\/v2\/media\/5540"}],"wp:attachment":[{"href":"https:\/\/usagers-transports.haut-allier.eu\/index.php\/wp-json\/wp\/v2\/media?parent=1188"}],"wp:term":[{"taxonomy":"category","embeddable":true,"href":"https:\/\/usagers-transports.haut-allier.eu\/index.php\/wp-json\/wp\/v2\/categories?post=1188"},{"taxonomy":"post_tag","embeddable":true,"href":"https:\/\/usagers-transports.haut-allier.eu\/index.php\/wp-json\/wp\/v2\/tags?post=1188"}],"curies":[{"name":"wp","href":"https:\/\/api.w.org\/{rel}","templated":true}]}}