{"id":1190,"date":"2025-03-17T17:54:30","date_gmt":"2025-03-17T16:54:30","guid":{"rendered":"http:\/\/5.45.101.177\/haut-allier\/usagers-transportse\/index.php\/2025\/03\/17\/la-region-auvergne-rhone-alpes-et1190\/"},"modified":"2025-03-17T17:54:30","modified_gmt":"2025-03-17T16:54:30","slug":"la-region-auvergne-rhone-alpes-et1190","status":"publish","type":"post","link":"https:\/\/usagers-transports.haut-allier.eu\/index.php\/2025\/03\/17\/la-region-auvergne-rhone-alpes-et1190\/","title":{"rendered":"R\u00e9ductions sur les cartes Illico \u00e0 la r\u00e9gion Auvergne Rh\u00f4ne Alpes et SNCF TER"},"content":{"rendered":"<p>La r\u00e9gion Auvergne Rh\u00f4ne Alpes et SNCF TER proposent cette semaine du 17 au 23 mars les cartes de r\u00e9duction Illico \u00e0 tarif r\u00e9duit qui vous permettent d\u2019\u00e9conomiser jusqu&rsquo;au 50% sur les trajets en train dans la r\u00e9gion ainsi que pour les trajets vers le r\u00e9gions limitrophes. <\/p>\n<p>Que vous soyez un voyageur r\u00e9gulier ou occasionnel, cette carte vous offre une multitude d\u2019avantages exclusifs qui rendront vos d\u00e9placements plus durables, agr\u00e9ables et \u00e9conomiques.<\/p>\n<p>Pour les amateurs du v\u00e9lo profitez-en, adultes ou enfants.<\/p>\n<p><em>TER Days, du 17 au 23 mars 2025 : Offres sp\u00e9ciales sur vos cartes de r\u00e9duction !<\/em><\/p>\n<p><img loading=\"lazy\" decoding=\"async\" class=\" aligncenter size-full wp-image-5549\" src=\"http:\/\/5.45.101.177\/haut-allier\/usagers-transportse\/wp-content\/uploads\/2025\/03\/affiche_ter_days_2025.jpg\" alt=\"affiche_ter_days_2025.jpg\" align=\"center\" width=\"818\" height=\"844\" srcset=\"https:\/\/usagers-transports.haut-allier.eu\/wp-content\/uploads\/2025\/03\/affiche_ter_days_2025.jpg 818w, https:\/\/usagers-transports.haut-allier.eu\/wp-content\/uploads\/2025\/03\/affiche_ter_days_2025-291x300.jpg 291w, https:\/\/usagers-transports.haut-allier.eu\/wp-content\/uploads\/2025\/03\/affiche_ter_days_2025-768x792.jpg 768w\" sizes=\"auto, (max-width: 818px) 100vw, 818px\" \/><\/p>\n<p>https:\/\/www.ter.sncf.com\/auvergne-rhone-alpes\/tarifs-cartes\/cartes-reduction\/illico-liberte<\/p>\n","protected":false},"excerpt":{"rendered":"<p>La r\u00e9gion Auvergne Rh\u00f4ne Alpes et SNCF TER proposent cette semaine du 17 au 23 mars les cartes<\/p>\n","protected":false},"author":1,"featured_media":5548,"comment_status":"closed","ping_status":"open","sticky":false,"template":"","format":"standard","meta":{"footnotes":""},"categories":[3],"tags":[],"class_list":["post-1190","post","type-post","status-publish","format-standard","has-post-thumbnail","hentry","category-en-train"],"_links":{"self":[{"href":"https:\/\/usagers-transports.haut-allier.eu\/index.php\/wp-json\/wp\/v2\/posts\/1190","targetHints":{"allow":["GET"]}}],"collection":[{"href":"https:\/\/usagers-transports.haut-allier.eu\/index.php\/wp-json\/wp\/v2\/posts"}],"about":[{"href":"https:\/\/usagers-transports.haut-allier.eu\/index.php\/wp-json\/wp\/v2\/types\/post"}],"author":[{"embeddable":true,"href":"https:\/\/usagers-transports.haut-allier.eu\/index.php\/wp-json\/wp\/v2\/users\/1"}],"replies":[{"embeddable":true,"href":"https:\/\/usagers-transports.haut-allier.eu\/index.php\/wp-json\/wp\/v2\/comments?post=1190"}],"version-history":[{"count":0,"href":"https:\/\/usagers-transports.haut-allier.eu\/index.php\/wp-json\/wp\/v2\/posts\/1190\/revisions"}],"wp:featuredmedia":[{"embeddable":true,"href":"https:\/\/usagers-transports.haut-allier.eu\/index.php\/wp-json\/wp\/v2\/media\/5548"}],"wp:attachment":[{"href":"https:\/\/usagers-transports.haut-allier.eu\/index.php\/wp-json\/wp\/v2\/media?parent=1190"}],"wp:term":[{"taxonomy":"category","embeddable":true,"href":"https:\/\/usagers-transports.haut-allier.eu\/index.php\/wp-json\/wp\/v2\/categories?post=1190"},{"taxonomy":"post_tag","embeddable":true,"href":"https:\/\/usagers-transports.haut-allier.eu\/index.php\/wp-json\/wp\/v2\/tags?post=1190"}],"curies":[{"name":"wp","href":"https:\/\/api.w.org\/{rel}","templated":true}]}}