{"id":1191,"date":"2025-03-26T15:11:00","date_gmt":"2025-03-26T14:11:00","guid":{"rendered":"http:\/\/5.45.101.177\/haut-allier\/usagers-transportse\/index.php\/2025\/03\/26\/15-avril-2025-train-special-tous-d1191\/"},"modified":"2025-03-26T15:11:00","modified_gmt":"2025-03-26T14:11:00","slug":"15-avril-2025-train-special-tous-d1191","status":"publish","type":"post","link":"https:\/\/usagers-transports.haut-allier.eu\/index.php\/2025\/03\/26\/15-avril-2025-train-special-tous-d1191\/","title":{"rendered":"15 avril 2025 : train sp\u00e9cial \u00ab\u00a0Tous d&rsquo;une m\u00eame voie\u00a0\u00bb de Clermont-Ferrand \u00e0 Paris"},"content":{"rendered":"<p>Les forces vives du territoire auvergnat prennent le train pour d\u00e9fendre le Clermont-Paris le mardi 15 avril \u00e0 l\u2019occasion d\u2019une mobilisation exceptionnelle.<\/p>\n<p><strong><br \/>\nNotre collectif ainsi qu&rsquo;<a href=\"https:\/\/aurail.eu\"><em>AuRAil<\/em><\/a> se joignent \u00e0 celui des usagers de la ligne Clermont-Paris. Nous serons \u00e0 bord puisque au del\u00e0 de la liaison Paris Clermont, sans le r\u00e9seau ferroviaire auvergnat (ou ce qu&rsquo;il en reste) dans son ensemble, Clermont-Ferrand serait un cul de sac ferroviaire.<br \/>\n<\/strong><\/p>\n<p>D\u00e9part \u00e0 8h29 de Clermont pour une arriv\u00e9e \u00e0 Paris Bercy \u00e0 12h01, avec des wagons r\u00e9serv\u00e9s aux repr\u00e9sentants des acteurs phares de notre territoire (usagers, \u00e9lus, entreprises, institutions du monde agricole, scientifique, m\u00e9dical, culturel, touristique). <\/p>\n<p>Nous mobiliserons \u00e9galement des repr\u00e9sentants des m\u00e9dias locaux, nationaux et sp\u00e9cialis\u00e9s. Ce train s\u2019arr\u00eatera dans les gares de la ligne pour accueillir les invit\u00e9s des villes desservies, y compris \u00e0 l\u2019arriv\u00e9e \u00e0 Paris.<\/p>\n<p>Cette mobilisation exceptionnelle vise \u00e0 obtenir des engagements forts et rapides de l\u2019\u00c9tat d\u2019une part pour am\u00e9liorer le quotidien des usagers en attendant l\u2019arriv\u00e9e des rames Oxyg\u00e8ne en 2027 ; d\u2019autre part pour la poursuite dans la dur\u00e9e des investissements sur les infrastructures de cette ligne sinistr\u00e9e, une ligne vitale pour le dynamisme \u00e9conomique et territorial de l\u2019Auvergne et du Massif Central.<\/p>\n<p>Dans le m\u00eame temps, un train sp\u00e9cial \u00ab\u00a0de la col\u00e8re\u00a0\u00bb assurant la desserte partira de Limoges \u00e0 destination de la gare de Paris Austerlitz. Une conf\u00e9rence de presse commune sera organis\u00e9e en gare de Paris Bercy \u00e0 notre arriv\u00e9e.<\/p>\n<p>Une d\u00e9l\u00e9gation restreinte sera ensuite re\u00e7ue par le Gouvernement auquel sera pr\u00e9sent\u00e9 et remis le Livre Blanc de nos dessertes et nos demandes pratiques de finalisation d\u2019ici \u00e0 2030 du programme de modernisation de nos lignes avec comme objectif une desserte fiable et ponctuelle ainsi qu\u2019une r\u00e9duction significative du temps de parcours.<\/p>\n<p>Plus d&rsquo;infos \u00e0 venir.<\/p>\n","protected":false},"excerpt":{"rendered":"<p>Les forces vives du territoire auvergnat prennent le train pour d\u00e9fendre le Clermont-Paris le mardi 15 avril \u00e0<\/p>\n","protected":false},"author":1,"featured_media":5550,"comment_status":"closed","ping_status":"open","sticky":false,"template":"","format":"standard","meta":{"footnotes":""},"categories":[5],"tags":[],"class_list":["post-1191","post","type-post","status-publish","format-standard","has-post-thumbnail","hentry","category-ensemble"],"_links":{"self":[{"href":"https:\/\/usagers-transports.haut-allier.eu\/index.php\/wp-json\/wp\/v2\/posts\/1191","targetHints":{"allow":["GET"]}}],"collection":[{"href":"https:\/\/usagers-transports.haut-allier.eu\/index.php\/wp-json\/wp\/v2\/posts"}],"about":[{"href":"https:\/\/usagers-transports.haut-allier.eu\/index.php\/wp-json\/wp\/v2\/types\/post"}],"author":[{"embeddable":true,"href":"https:\/\/usagers-transports.haut-allier.eu\/index.php\/wp-json\/wp\/v2\/users\/1"}],"replies":[{"embeddable":true,"href":"https:\/\/usagers-transports.haut-allier.eu\/index.php\/wp-json\/wp\/v2\/comments?post=1191"}],"version-history":[{"count":0,"href":"https:\/\/usagers-transports.haut-allier.eu\/index.php\/wp-json\/wp\/v2\/posts\/1191\/revisions"}],"wp:featuredmedia":[{"embeddable":true,"href":"https:\/\/usagers-transports.haut-allier.eu\/index.php\/wp-json\/wp\/v2\/media\/5550"}],"wp:attachment":[{"href":"https:\/\/usagers-transports.haut-allier.eu\/index.php\/wp-json\/wp\/v2\/media?parent=1191"}],"wp:term":[{"taxonomy":"category","embeddable":true,"href":"https:\/\/usagers-transports.haut-allier.eu\/index.php\/wp-json\/wp\/v2\/categories?post=1191"},{"taxonomy":"post_tag","embeddable":true,"href":"https:\/\/usagers-transports.haut-allier.eu\/index.php\/wp-json\/wp\/v2\/tags?post=1191"}],"curies":[{"name":"wp","href":"https:\/\/api.w.org\/{rel}","templated":true}]}}