{"id":1192,"date":"2025-04-03T18:16:42","date_gmt":"2025-04-03T16:16:42","guid":{"rendered":"http:\/\/5.45.101.177\/haut-allier\/usagers-transportse\/index.php\/2025\/04\/03\/occitanie-22-juin-2025-reouverture1192\/"},"modified":"2026-09-01T16:10:56","modified_gmt":"2026-09-01T14:10:56","slug":"occitanie-22-juin-2025-reouverture1192","status":"publish","type":"post","link":"https:\/\/usagers-transports.haut-allier.eu\/index.php\/2025\/04\/03\/occitanie-22-juin-2025-reouverture1192\/","title":{"rendered":"Occitanie : 22 juin 2025 r\u00e9ouverture de la ligne Montr\u00e9jeau Luchon"},"content":{"rendered":"Elle est longue de 36 km et relie Bagn\u00e8res de Luchon, appel\u00e9e commun\u00e9ment Luchon, (Haute-Garonne, 630m d&rsquo;altitude) \u00e0 Montr\u00e9jeau \u00e9galement en Haute-Garonne, \u00e0 l&rsquo;altitude de 409 m\u00e8tres. Les deux villes appartiennent au pays du Comminges.\n\nLigne ferm\u00e9e depuis 11 ans, la r\u00e9gion Occitanie s&rsquo;\u00e9tait engag\u00e9e \u00e0 la rouvrir en 2016, lors des Etats G\u00e9n\u00e9raux du Rail qu&rsquo;elle a organis\u00e9 dans chacun de ses d\u00e9partements.\n\n<strong>Premi\u00e8re r\u00e9gion de France propri\u00e9taire et gestionnaire d&rsquo;une ligne ferroviaire ?<\/strong>\n\nElle g\u00e8rera donc les circulations des trains, jusqu\u2019\u00e0 six allers-retours par jour, en 35 minutes chacun, mais aussi l&rsquo;entretien des rails, des ouvrages, des gares\u2026 qu&rsquo;elle pourra confier \u00e0 une entreprise autre que SNCF R\u00e9seau. C&rsquo;est le discours officiel. En r\u00e9alit\u00e9 la r\u00e9gion Grand Est \u00ab\u00a0est aussi la premi\u00e8re\u00a0\u00bb avec son op\u00e9ration de r\u00e9ouverture de Nancy Contrex\u00e9ville dont la gestion a \u00e9t\u00e9 confi\u00e9e \u00e0 Transdev. Et puis il y a la Corse dont tout le r\u00e9seau a \u00e9t\u00e9 repris \u00e0 la SNCF en 2012 et qui ainsi a doubl\u00e9 sa fr\u00e9quentation. Ce n&rsquo;est pas rien.\n\n<em>Les travaux \u00e0 la gare de Bagn\u00e8res de Luchon vont encore bon train en ce d\u00e9but avril<\/em>\n<img loading=\"lazy\" decoding=\"async\" class=\" aligncenter size-full wp-image-5552\" src=\"http:\/\/5.45.101.177\/haut-allier\/usagers-transportse\/wp-content\/uploads\/2025\/04\/gareluchon02.jpg\" alt=\"gareluchon02.jpg\" align=\"center\" width=\"2000\" height=\"1291\" srcset=\"https:\/\/usagers-transports.haut-allier.eu\/wp-content\/uploads\/2025\/04\/gareluchon02.jpg 2000w, https:\/\/usagers-transports.haut-allier.eu\/wp-content\/uploads\/2025\/04\/gareluchon02-300x194.jpg 300w, https:\/\/usagers-transports.haut-allier.eu\/wp-content\/uploads\/2025\/04\/gareluchon02-1024x661.jpg 1024w, https:\/\/usagers-transports.haut-allier.eu\/wp-content\/uploads\/2025\/04\/gareluchon02-768x496.jpg 768w, https:\/\/usagers-transports.haut-allier.eu\/wp-content\/uploads\/2025\/04\/gareluchon02-1536x991.jpg 1536w\" sizes=\"auto, (max-width: 2000px) 100vw, 2000px\" \/>\n<img loading=\"lazy\" decoding=\"async\" class=\" aligncenter size-full wp-image-5553\" src=\"http:\/\/5.45.101.177\/haut-allier\/usagers-transportse\/wp-content\/uploads\/2025\/04\/gareluchon01.jpg\" alt=\"gareluchon01.jpg\" align=\"center\" width=\"821\" height=\"712\" srcset=\"https:\/\/usagers-transports.haut-allier.eu\/wp-content\/uploads\/2025\/04\/gareluchon01.jpg 821w, https:\/\/usagers-transports.haut-allier.eu\/wp-content\/uploads\/2025\/04\/gareluchon01-300x260.jpg 300w, https:\/\/usagers-transports.haut-allier.eu\/wp-content\/uploads\/2025\/04\/gareluchon01-768x666.jpg 768w\" sizes=\"auto, (max-width: 821px) 100vw, 821px\" \/>\n\nLa gare r\u00e9nov\u00e9e va \u00eatre livr\u00e9e et sera inaugur\u00e9e le 25 avril prochain.  \n\nLa r\u00e9gion alerte aussi sur les nombreux passages \u00e0 niveau (39) qui jallonent la ligne. Avec le retour des circulations en juin ils peuvent repr\u00e9senter un danger, le temps que les pyr\u00e9n\u00e9ens s&rsquo;habituent \u00e0 la nouvelle donne et que les habitudes se modifient.\n\n<img loading=\"lazy\" decoding=\"async\" class=\" aligncenter size-full wp-image-5554\" src=\"http:\/\/5.45.101.177\/haut-allier\/usagers-transportse\/wp-content\/uploads\/2025\/04\/480244551_1051929640307835_1585945377828130490_n.jpg\" alt=\"480244551_1051929640307835_1585945377828130490_n.jpg\" align=\"center\" width=\"2048\" height=\"1448\" srcset=\"https:\/\/usagers-transports.haut-allier.eu\/wp-content\/uploads\/2025\/04\/480244551_1051929640307835_1585945377828130490_n.jpg 2048w, https:\/\/usagers-transports.haut-allier.eu\/wp-content\/uploads\/2025\/04\/480244551_1051929640307835_1585945377828130490_n-300x212.jpg 300w, https:\/\/usagers-transports.haut-allier.eu\/wp-content\/uploads\/2025\/04\/480244551_1051929640307835_1585945377828130490_n-1024x724.jpg 1024w, https:\/\/usagers-transports.haut-allier.eu\/wp-content\/uploads\/2025\/04\/480244551_1051929640307835_1585945377828130490_n-768x543.jpg 768w, https:\/\/usagers-transports.haut-allier.eu\/wp-content\/uploads\/2025\/04\/480244551_1051929640307835_1585945377828130490_n-1536x1086.jpg 1536w\" sizes=\"auto, (max-width: 2048px) 100vw, 2048px\" \/>\n\n<strong>Lancement le 22 juin<\/strong>\n\nAvec un th\u00e8me de journ\u00e9e \u00e0 propos, \u00ab\u00a0Un dimanche \u00e0 la montagne\u2009\u00a0\u00bb, et des trains gratuits pour tous pour la d\u00e9couvrir, nul doute que cette ligne tr\u00e8s touristique, avec le sommet culminant des Pyr\u00e9n\u00e9es \u00e0 18 km \u00e0 vol d&rsquo;oiseau, le pic d&rsquo;Aneto, 3404 m saura trouver son public.\n\n<img loading=\"lazy\" decoding=\"async\" class=\" aligncenter size-full wp-image-5555\" src=\"http:\/\/5.45.101.177\/haut-allier\/usagers-transportse\/wp-content\/uploads\/2025\/04\/google-maps-04-03-2025_05_10_pm.jpg\" alt=\"google-maps-04-03-2025_05_10_pm.jpg\" align=\"center\" width=\"1153\" height=\"504\" srcset=\"https:\/\/usagers-transports.haut-allier.eu\/wp-content\/uploads\/2025\/04\/google-maps-04-03-2025_05_10_pm.jpg 1153w, https:\/\/usagers-transports.haut-allier.eu\/wp-content\/uploads\/2025\/04\/google-maps-04-03-2025_05_10_pm-300x131.jpg 300w, https:\/\/usagers-transports.haut-allier.eu\/wp-content\/uploads\/2025\/04\/google-maps-04-03-2025_05_10_pm-1024x448.jpg 1024w, https:\/\/usagers-transports.haut-allier.eu\/wp-content\/uploads\/2025\/04\/google-maps-04-03-2025_05_10_pm-768x336.jpg 768w\" sizes=\"auto, (max-width: 1153px) 100vw, 1153px\" \/>\n\n<strong>Et les autres r\u00e9ouvertures promises en Occitanie ?<\/strong>\n\n&#8211; <em>Al\u00e8s &#8211; Bess\u00e8ges<\/em> : finalement report\u00e9e \u00e0 d\u00e9but 2028, la r\u00e9ouverture n&rsquo;est pas remise en cause.\n\n&#8211; <em>S\u00e9v\u00e9rac le Ch\u00e2teau &#8211; Rodez<\/em> : op\u00e9ration suspendue vu les demandes d&rsquo;\u00e9conomies faites par l&rsquo;Etat aux r\u00e9gions.\n\n&#8211; <em>Limoux &#8211; Quillan<\/em> : op\u00e9ration suspendue vu les demandes d&rsquo;\u00e9conomies faites par l&rsquo;Etat aux r\u00e9gions.\n\n<strong>Et les investissements c\u00f4t\u00e9 routier ?<\/strong>\n\nOn note avec plaisir que l\u2019Occitanie a renonc\u00e9 \u00e0 l\u2019exp\u00e9rimentation de la gestion des routes nationales RN88, RN20 et RN125, contrairement par exemple \u00e0 sa voisine Auvergne Rh\u00f4ne Alpes qui au 1er janvier 2025 a repris \u00e0 l&rsquo;Etat la gestion les routes nationales RN82, RN7 et RN88, soit un total de 756 km.\n\n<strong>La forte d\u00e9rive routi\u00e8re de la r\u00e9gion voisine Auvergne Rh\u00f4ne Alpes au d\u00e9triment clair du train<\/strong>\n\nRefusant depuis plusieurs ann\u00e9es le principe d&rsquo;une participation au financement des travaux de r\u00e9ouverture de lignes ferroviaires, alors que l&rsquo;ancien ministre des transports Cl\u00e9ment Beaune avait promis la participation de l\u2019Etat contre un engagement de la r\u00e9gion, cette collectivit\u00e9 on le voit bloque toute une s\u00e9rie de r\u00e9ouvertures demand\u00e9es par les populations :\n\n&#8211; Evian Saint-Gingolph (18 km, fermeture en 1988)\n&#8211; Saint-Claude Oyonnax (30 km, fermeture en 2017)\n&#8211; Rive droite du Rh\u00f4ne avec le retour du trafic voyageurs (ligne ouverte, il ne manque que la r\u00e9habilitation des gares)\n&#8211; Firminy-Duni\u00e8res (27 km, fermeture en 2003) \n&#8211; L&rsquo;axe Clermont Ferrand St-Etienne (47 km entre Thiers et Bo\u00ebn, suspension en 2016)\n&#8211; Laqueuille Ussel (40 km, fermeture en 2014) \n&#8211; Montlu\u00e7on Eygurande-Merlines (92 km, fermeture en 2008)\n&#8211; Lapeyrouse Volvic (56,7 km, fermeture en 2007)\n\nCette r\u00e9gion s&rsquo;est content\u00e9e de demander \u00e0 SNCF R\u00e9seau et \u00e0 l&rsquo;Etat \u00ab\u00a0de ne fermer aucune ligne\u00a0\u00bb dans le CPER 2027 volet mobilit\u00e9s qui va, peut-\u00eatre, on sait jamais, \u00eatre sign\u00e9, enfin, avant l&rsquo;\u00e9t\u00e9 2025. \u00ab\u00a0De ne fermer aucune ligne\u00a0\u00bb signifiant toujours et encore \u00ab\u00a0maintien en l&rsquo;\u00e9tat\u00a0\u00bb des infrastructures, tr\u00e8s proches elles aussi de l&rsquo;\u00e9tat de fermeture en Auvergne notamment,  un savant maintien de SNCF R\u00e9seau pour qu\u00e9mander des financements \u00e9ternels aux collectivit\u00e9s en refusant de moderniser. Nous en sommes l\u00e0.\n\nEt donc on ne pourra que f\u00e9liciter la r\u00e9gion Occitanie qui tient contre vents et mar\u00e9es \u00e0 sa politique du train pour tous et \u00e0 la modernisation de son r\u00e9seau. Grand bravo.\n\n<p>&nbsp;<\/p>\n\n\t<figure class=\"wp-block-gallery columns-1 is-cropped wp-block-gallery-1 is-layout-flex wp-block-gallery-is-layout-flex\">\n\t\t<ul class=\"blocks-gallery-grid\">\n\t\t\t<li class=\"blocks-gallery-item\">\n\t\t\t\t<figure>\n\t\t\t\t\t\t\t\t\t\t\t<img loading=\"lazy\" decoding=\"async\" width=\"1024\" height=\"384\" src=\"http:\/\/5.45.101.177\/haut-allier\/usagers-transportse\/wp-content\/uploads\/2025\/04\/140325_lio_sensibilasation-passage-niveau_1440x540-1024x384.jpg\"\n\t\t\t\t\t\t alt=\"140325_lio_sensibilasation-passage-niveau_1440x540-1024x384.jpg\"\n\t\t\t\t\t\t data-id=\"5556\"\n\t\t\t\t\t\t data-full-url=\"http:\/\/5.45.101.177\/haut-allier\/usagers-transportse\/wp-content\/uploads\/2025\/04\/140325_lio_sensibilasation-passage-niveau_1440x540-1024x384.jpg\"\n\t\t\t\t\t\t data-link=\"http:\/\/5.45.101.177\/haut-allier\/usagers-transportse\/attachment-140325_lio_sensibilasation-passage-niveau_1440x540-1024x384-jpg\/\"\n\t\t\t\t\t\t class=\"wp-image-5556\" srcset=\"https:\/\/usagers-transports.haut-allier.eu\/wp-content\/uploads\/2025\/04\/140325_lio_sensibilasation-passage-niveau_1440x540-1024x384.jpg 1024w, https:\/\/usagers-transports.haut-allier.eu\/wp-content\/uploads\/2025\/04\/140325_lio_sensibilasation-passage-niveau_1440x540-1024x384-300x113.jpg 300w, https:\/\/usagers-transports.haut-allier.eu\/wp-content\/uploads\/2025\/04\/140325_lio_sensibilasation-passage-niveau_1440x540-1024x384-768x288.jpg 768w\" sizes=\"auto, (max-width: 1024px) 100vw, 1024px\" \/>\n\t\t\t\t<\/figure>\n\t\t\t<\/li>\n\t\t<\/ul>\n\t<\/figure>\n","protected":false},"excerpt":{"rendered":"<p>Elle est longue de 36 km et relie Bagn\u00e8res de Luchon, appel\u00e9e commun\u00e9ment Luchon, (Haute-Garonne, 630m d&rsquo;altitude) \u00e0<\/p>\n","protected":false},"author":1,"featured_media":5551,"comment_status":"closed","ping_status":"open","sticky":false,"template":"","format":"standard","meta":{"footnotes":""},"categories":[3],"tags":[],"class_list":["post-1192","post","type-post","status-publish","format-standard","has-post-thumbnail","hentry","category-en-train"],"_links":{"self":[{"href":"https:\/\/usagers-transports.haut-allier.eu\/index.php\/wp-json\/wp\/v2\/posts\/1192","targetHints":{"allow":["GET"]}}],"collection":[{"href":"https:\/\/usagers-transports.haut-allier.eu\/index.php\/wp-json\/wp\/v2\/posts"}],"about":[{"href":"https:\/\/usagers-transports.haut-allier.eu\/index.php\/wp-json\/wp\/v2\/types\/post"}],"author":[{"embeddable":true,"href":"https:\/\/usagers-transports.haut-allier.eu\/index.php\/wp-json\/wp\/v2\/users\/1"}],"replies":[{"embeddable":true,"href":"https:\/\/usagers-transports.haut-allier.eu\/index.php\/wp-json\/wp\/v2\/comments?post=1192"}],"version-history":[{"count":1,"href":"https:\/\/usagers-transports.haut-allier.eu\/index.php\/wp-json\/wp\/v2\/posts\/1192\/revisions"}],"predecessor-version":[{"id":5557,"href":"https:\/\/usagers-transports.haut-allier.eu\/index.php\/wp-json\/wp\/v2\/posts\/1192\/revisions\/5557"}],"wp:featuredmedia":[{"embeddable":true,"href":"https:\/\/usagers-transports.haut-allier.eu\/index.php\/wp-json\/wp\/v2\/media\/5551"}],"wp:attachment":[{"href":"https:\/\/usagers-transports.haut-allier.eu\/index.php\/wp-json\/wp\/v2\/media?parent=1192"}],"wp:term":[{"taxonomy":"category","embeddable":true,"href":"https:\/\/usagers-transports.haut-allier.eu\/index.php\/wp-json\/wp\/v2\/categories?post=1192"},{"taxonomy":"post_tag","embeddable":true,"href":"https:\/\/usagers-transports.haut-allier.eu\/index.php\/wp-json\/wp\/v2\/tags?post=1192"}],"curies":[{"name":"wp","href":"https:\/\/api.w.org\/{rel}","templated":true}]}}