{"id":1193,"date":"2025-04-05T19:09:01","date_gmt":"2025-04-05T17:09:01","guid":{"rendered":"http:\/\/5.45.101.177\/haut-allier\/usagers-transportse\/index.php\/2025\/04\/05\/ligne-des-cevennes-en-septembre1193\/"},"modified":"2025-04-05T19:09:01","modified_gmt":"2025-04-05T17:09:01","slug":"ligne-des-cevennes-en-septembre1193","status":"publish","type":"post","link":"https:\/\/usagers-transports.haut-allier.eu\/index.php\/2025\/04\/05\/ligne-des-cevennes-en-septembre1193\/","title":{"rendered":"Ligne des C\u00e9vennes : en septembre plus de places pour le v\u00e9lo dans les trains d&rsquo;Occitanie"},"content":{"rendered":"<p>Une exp\u00e9rimentation pr\u00e9vue tous les weekends de septembre sur la ligne N\u00eemes Clermont Ferrand. Les trains LiO (Occitanie) y verront leur capacit\u00e9 d&#8217;emport fortement augment\u00e9es afin de faciliter les d\u00e9placements des nombreux cyclotouristes visitant C\u00e9vennes, haut Allier et Auvergne. La r\u00e9gion Occitanie veut faire du cyclotourisme un axe majeur de sa mobilit\u00e9 :<\/p>\n<p>&#8211; Lancement du <strong>premier train d\u00e9di\u00e9 aux v\u00e9los et au cyclotourisme<\/strong> avec une rame enti\u00e8re r\u00e9am\u00e9nag\u00e9e pour accueillir deux fois plus de v\u00e9los c&rsquo;est \u00e0 dire 13 places. <\/p>\n<p><em>La carte des voies de cyclotourisme de la r\u00e9gion Occitanie et du haut Allier<\/em><br \/>\n<img loading=\"lazy\" decoding=\"async\" class=\" aligncenter size-full wp-image-5559\" src=\"http:\/\/5.45.101.177\/haut-allier\/usagers-transportse\/wp-content\/uploads\/2025\/04\/schema_regional_cyclotourisme.jpg\" alt=\"schema_regional_cyclotourisme.jpg\" align=\"center\" width=\"2496\" height=\"1765\" srcset=\"https:\/\/usagers-transports.haut-allier.eu\/wp-content\/uploads\/2025\/04\/schema_regional_cyclotourisme.jpg 2496w, https:\/\/usagers-transports.haut-allier.eu\/wp-content\/uploads\/2025\/04\/schema_regional_cyclotourisme-300x212.jpg 300w, https:\/\/usagers-transports.haut-allier.eu\/wp-content\/uploads\/2025\/04\/schema_regional_cyclotourisme-1024x724.jpg 1024w, https:\/\/usagers-transports.haut-allier.eu\/wp-content\/uploads\/2025\/04\/schema_regional_cyclotourisme-768x543.jpg 768w, https:\/\/usagers-transports.haut-allier.eu\/wp-content\/uploads\/2025\/04\/schema_regional_cyclotourisme-1536x1086.jpg 1536w, https:\/\/usagers-transports.haut-allier.eu\/wp-content\/uploads\/2025\/04\/schema_regional_cyclotourisme-2048x1448.jpg 2048w\" sizes=\"auto, (max-width: 2496px) 100vw, 2496px\" \/><\/p>\n<p>Plusieurs autres annonces ont \u00e9t\u00e9 faites dans le cadre de la 6\u00e8me Journ\u00e9e des mobilit\u00e9s actives organis\u00e9e \u00e0 Toulouse, par Jean-Luc Gibelin, vice-pr\u00e9sident en charge des mobilit\u00e9s, un panel de nouveaut\u00e9s pour encourager la pratique du v\u00e9lo chez les usagers des trains occitans.<\/p>\n<p>Outre donc la capacit\u00e9 d&#8217;emport augment\u00e9e sur la ligne des C\u00e9vennes on peut noter :<\/p>\n<p>&#8211; L\u2019exp\u00e9rimentation unique en France d\u2019un <strong>service de location de v\u00e9los longue dur\u00e9e<\/strong> (6, 9 ou 12 mois) pour les abonn\u00e9s et usagers fr\u00e9quents des trains r\u00e9gionaux. Ce service sera exp\u00e9riment\u00e9 d\u00e8s septembre 2025 sur les deux lignes Montauban-Toulouse et S\u00e8te-Montpellier. 200 v\u00e9los dont 140 \u00e9lectriques seront propos\u00e9s \u00e0 la location, avec stationnements s\u00e9curis\u00e9s et fourniture de casques et antivols. Pr\u00e9-r\u00e9servation sur : https:\/\/www.lio-occitanie.fr\/demander-mon-velo-lio\/<\/p>\n<p>&#8211; Le <strong>partenariat avec des loueurs de v\u00e9los<\/strong> dans toute l\u2019Occitanie, permettant aux usagers des trains et cars liO de b\u00e9n\u00e9ficier de tarifs avantageux, sur pr\u00e9sentation d\u2019un titre de transport. Ce service sera propos\u00e9 d\u00e8s l\u2019\u00e9t\u00e9 2025 par une quarantaine de loueurs de v\u00e9lo, situ\u00e9s \u00e0 proximit\u00e9 des gares.<\/p>\n<p>&#8211; Un <strong>billet combin\u00e9 liO + location d\u2019un v\u00e9lo<\/strong> avec <a href=\"https:\/\/paulette.bike\/fr\/\"><em>Paulette Bike<\/em><\/a> proposant de juin \u00e0 octobre des solutions d\u2019itin\u00e9rance \u00e0 v\u00e9lo sur 2 ou 4 jours, entre Toulouse et Carcassonne, et entre Avignon et S\u00e8te.<\/p>\n<p>&#8211; Le retour du <strong>dispositif \u00ab Acc\u00e8s Serein \u00bb<\/strong> pour tous les week-ends et jours f\u00e9ri\u00e9s \u00e0 partir du mois de mai et tous les jours durant l\u2019\u00e9t\u00e9. Ce dispositif de r\u00e9servation gratuite et obligatoire des emplacements d\u00e9di\u00e9s aux v\u00e9los dans les trains liO permet \u00e0 tous les usagers de voyager dans de meilleures conditions lors des p\u00e9riodes de forte fr\u00e9quentation. La r\u00e9servation se fera sur : https:\/\/trainlio.sncf.com<\/p>\n<p>&#8211; L\u2019exp\u00e9rimentation d\u2019une <strong>nouvelle signalisation pour les v\u00e9los \u00e0 bord des trains r\u00e9gionaux<\/strong>, autour d\u2019un code couleur vert, afin de valoriser les emplacements d\u00e9di\u00e9s aux v\u00e9los et d\u2019en faciliter l\u2019usage. Cette nouveaut\u00e9 est exp\u00e9riment\u00e9e \u00e0 partir du mois d\u2019avril dans deux rames circulant \u00e0 travers la r\u00e9gion, avant d\u2019envisager une g\u00e9n\u00e9ralisation \u00e0 l\u2019ensemble des trains r\u00e9gionaux.<\/p>\n<p>Jean-Luc Gibelin nous pr\u00e9cise que les emplacements v\u00e9los sur le train \u00ab\u00a0cyclotourisme\u00a0\u00bb de la ligne des C\u00e9vennes seront aussi \u00e0 r\u00e9servation obligatoire gratuite. Voir ci-dessus le dispositif \u00ab\u00a0Acc\u00e8s serein\u00a0\u00bb.<\/p>\n<p>Plus d\u2019informations sur :<br \/>\nhttps:\/\/www.lio-occitanie.fr\/je-me-deplace-a-velo\/<\/p>\n","protected":false},"excerpt":{"rendered":"<p>Une exp\u00e9rimentation pr\u00e9vue tous les weekends de septembre sur la ligne N\u00eemes Clermont Ferrand. Les trains LiO (Occitanie)<\/p>\n","protected":false},"author":1,"featured_media":5558,"comment_status":"closed","ping_status":"open","sticky":false,"template":"","format":"standard","meta":{"footnotes":""},"categories":[3],"tags":[],"class_list":["post-1193","post","type-post","status-publish","format-standard","has-post-thumbnail","hentry","category-en-train"],"_links":{"self":[{"href":"https:\/\/usagers-transports.haut-allier.eu\/index.php\/wp-json\/wp\/v2\/posts\/1193","targetHints":{"allow":["GET"]}}],"collection":[{"href":"https:\/\/usagers-transports.haut-allier.eu\/index.php\/wp-json\/wp\/v2\/posts"}],"about":[{"href":"https:\/\/usagers-transports.haut-allier.eu\/index.php\/wp-json\/wp\/v2\/types\/post"}],"author":[{"embeddable":true,"href":"https:\/\/usagers-transports.haut-allier.eu\/index.php\/wp-json\/wp\/v2\/users\/1"}],"replies":[{"embeddable":true,"href":"https:\/\/usagers-transports.haut-allier.eu\/index.php\/wp-json\/wp\/v2\/comments?post=1193"}],"version-history":[{"count":0,"href":"https:\/\/usagers-transports.haut-allier.eu\/index.php\/wp-json\/wp\/v2\/posts\/1193\/revisions"}],"wp:featuredmedia":[{"embeddable":true,"href":"https:\/\/usagers-transports.haut-allier.eu\/index.php\/wp-json\/wp\/v2\/media\/5558"}],"wp:attachment":[{"href":"https:\/\/usagers-transports.haut-allier.eu\/index.php\/wp-json\/wp\/v2\/media?parent=1193"}],"wp:term":[{"taxonomy":"category","embeddable":true,"href":"https:\/\/usagers-transports.haut-allier.eu\/index.php\/wp-json\/wp\/v2\/categories?post=1193"},{"taxonomy":"post_tag","embeddable":true,"href":"https:\/\/usagers-transports.haut-allier.eu\/index.php\/wp-json\/wp\/v2\/tags?post=1193"}],"curies":[{"name":"wp","href":"https:\/\/api.w.org\/{rel}","templated":true}]}}