{"id":1194,"date":"2025-04-13T18:08:24","date_gmt":"2025-04-13T16:08:24","guid":{"rendered":"http:\/\/5.45.101.177\/haut-allier\/usagers-transportse\/index.php\/2025\/04\/13\/sud-ouest-du-massif-central-zoom1194\/"},"modified":"2025-04-13T18:08:24","modified_gmt":"2025-04-13T16:08:24","slug":"sud-ouest-du-massif-central-zoom1194","status":"publish","type":"post","link":"https:\/\/usagers-transports.haut-allier.eu\/index.php\/2025\/04\/13\/sud-ouest-du-massif-central-zoom1194\/","title":{"rendered":"Ouest du massif central : d\u00e9fense de la ligne POLT et Tous ensemble pour les gares"},"content":{"rendered":"<p>Le 12 avril nous \u00e9tions \u00e0 l&rsquo;assembl\u00e9e g\u00e9n\u00e9rale d&rsquo;Urgence Ligne POLT \u00e0 Gourdon (Lot). Le sujet du jour \u00e9tait l&rsquo;organisation du \u00ab\u00a0Train de la col\u00e8re\u00a0\u00bb conjointement avec la ligne Clermont Ferrand Paris qui eux organisent \u00ab\u00a0Ensemble d&rsquo;une m\u00eame voie\u00a0\u00bb mardi 15 avril prochain. 200 personnes dans chaque train Intercit\u00e9s, usagers, journalistes, \u00e9lus, chefs d&rsquo;entreprises qui monteront \u00e0 Paris pour tenir une conf\u00e9rence de presse commune avant d&rsquo;\u00eatre re\u00e7us par les services du Premier ministre, qui s&rsquo;est fait porter p\u00e2le, et qui a refil\u00e9 le b\u00e9b\u00e9 \u00e0 Rodolphe Gintz, directeur de la DGITM (direction g\u00e9n\u00e9rale des infrastructures, des transports et des mobilit\u00e9s) qui en d\u00e9pend. Il lui sera remis un \u00ab\u00a0Livre Blanc\u00a0\u00bb.<\/p>\n<p>A cette r\u00e9union donc participait Tous ensemble pour les Gares l&rsquo;association lotoise qui nous recevait et nous en avons profit\u00e9 pour dialoguer avec sa pr\u00e9sidente et \u00e9voquer leurs combats actuels. Voici l&rsquo;interview :<\/p>\n<p><center><br \/>\n<iframe loading=\"lazy\" width=\"560\" height=\"315\" src=\"https:\/\/www.youtube.com\/embed\/CoQym5wY26Y?si=L8VrmkI3TYfUGrzr\" title=\"YouTube video player\" frameborder=\"0\" allow=\"accelerometer; autoplay; clipboard-write; encrypted-media; gyroscope; picture-in-picture; web-share\" referrerpolicy=\"strict-origin-when-cross-origin\" allowfullscreen><\/iframe><br \/>\n<\/center><\/p>\n<p>L&rsquo;apr\u00e8s midi se tenait une table ronde sur les trains de nuit organis\u00e9e par Urgence Ligne POLT et Destination Trains de nuit auquel participaient des \u00e9lus locaux mais aussi Catherine Trevet de SNCF R\u00e9seau Occitanie, Julien Vanderpotte et Adam Janik de SNCF Intercit\u00e9s.<\/p>\n<p><img loading=\"lazy\" decoding=\"async\" class=\" aligncenter size-full wp-image-5561\" src=\"http:\/\/5.45.101.177\/haut-allier\/usagers-transportse\/wp-content\/uploads\/2025\/04\/img_20250412_151216_369-scaled.jpg\" alt=\"img_20250412_151216_369.jpg\" align=\"center\" width=\"2560\" height=\"1440\" srcset=\"https:\/\/usagers-transports.haut-allier.eu\/wp-content\/uploads\/2025\/04\/img_20250412_151216_369-scaled.jpg 2560w, https:\/\/usagers-transports.haut-allier.eu\/wp-content\/uploads\/2025\/04\/img_20250412_151216_369-300x169.jpg 300w, https:\/\/usagers-transports.haut-allier.eu\/wp-content\/uploads\/2025\/04\/img_20250412_151216_369-1024x576.jpg 1024w, https:\/\/usagers-transports.haut-allier.eu\/wp-content\/uploads\/2025\/04\/img_20250412_151216_369-768x432.jpg 768w, https:\/\/usagers-transports.haut-allier.eu\/wp-content\/uploads\/2025\/04\/img_20250412_151216_369-1536x864.jpg 1536w, https:\/\/usagers-transports.haut-allier.eu\/wp-content\/uploads\/2025\/04\/img_20250412_151216_369-2048x1152.jpg 2048w\" sizes=\"auto, (max-width: 2560px) 100vw, 2560px\" \/><\/p>\n<p>On en pourra trouver le compte-rendu complet <a href=\"https:\/\/destinationtrainsdenuit.eu\/2025\/04\/13\/table-ronde-sur-les-trains-de-nuit-du-12-avril-2025-a-gourdon\/\"><em>ici<\/em><\/a>. Un peu \u00e9difiant quand on voit les r\u00e9ponses apport\u00e9es aux questions.    <\/p>\n","protected":false},"excerpt":{"rendered":"<p>Le 12 avril nous \u00e9tions \u00e0 l&rsquo;assembl\u00e9e g\u00e9n\u00e9rale d&rsquo;Urgence Ligne POLT \u00e0 Gourdon (Lot). Le sujet du jour<\/p>\n","protected":false},"author":1,"featured_media":5560,"comment_status":"closed","ping_status":"open","sticky":false,"template":"","format":"standard","meta":{"footnotes":""},"categories":[5],"tags":[],"class_list":["post-1194","post","type-post","status-publish","format-standard","has-post-thumbnail","hentry","category-ensemble"],"_links":{"self":[{"href":"https:\/\/usagers-transports.haut-allier.eu\/index.php\/wp-json\/wp\/v2\/posts\/1194","targetHints":{"allow":["GET"]}}],"collection":[{"href":"https:\/\/usagers-transports.haut-allier.eu\/index.php\/wp-json\/wp\/v2\/posts"}],"about":[{"href":"https:\/\/usagers-transports.haut-allier.eu\/index.php\/wp-json\/wp\/v2\/types\/post"}],"author":[{"embeddable":true,"href":"https:\/\/usagers-transports.haut-allier.eu\/index.php\/wp-json\/wp\/v2\/users\/1"}],"replies":[{"embeddable":true,"href":"https:\/\/usagers-transports.haut-allier.eu\/index.php\/wp-json\/wp\/v2\/comments?post=1194"}],"version-history":[{"count":0,"href":"https:\/\/usagers-transports.haut-allier.eu\/index.php\/wp-json\/wp\/v2\/posts\/1194\/revisions"}],"wp:featuredmedia":[{"embeddable":true,"href":"https:\/\/usagers-transports.haut-allier.eu\/index.php\/wp-json\/wp\/v2\/media\/5560"}],"wp:attachment":[{"href":"https:\/\/usagers-transports.haut-allier.eu\/index.php\/wp-json\/wp\/v2\/media?parent=1194"}],"wp:term":[{"taxonomy":"category","embeddable":true,"href":"https:\/\/usagers-transports.haut-allier.eu\/index.php\/wp-json\/wp\/v2\/categories?post=1194"},{"taxonomy":"post_tag","embeddable":true,"href":"https:\/\/usagers-transports.haut-allier.eu\/index.php\/wp-json\/wp\/v2\/tags?post=1194"}],"curies":[{"name":"wp","href":"https:\/\/api.w.org\/{rel}","templated":true}]}}