{"id":1196,"date":"2025-04-14T14:14:03","date_gmt":"2025-04-14T12:14:03","guid":{"rendered":"http:\/\/5.45.101.177\/haut-allier\/usagers-transportse\/index.php\/2025\/04\/14\/un-voyage-en-traina-vapeur-le1196\/"},"modified":"2025-04-14T14:14:03","modified_gmt":"2025-04-14T12:14:03","slug":"un-voyage-en-traina-vapeur-le1196","status":"publish","type":"post","link":"https:\/\/usagers-transports.haut-allier.eu\/index.php\/2025\/04\/14\/un-voyage-en-traina-vapeur-le1196\/","title":{"rendered":"Les beaux voyages de la loco vapeur du GADEFT cet \u00e9t\u00e9"},"content":{"rendered":"<p>[vert clair]Escapade en territoire de l&rsquo;ex-PLM les <strong>samedi 26 et dimanche 27 Avril<\/strong> 2025 de Veynes \u00e0 Brian\u00e7on aller et retour [\/vert clair]<\/p>\n<p>Premier Train de la Saison pour la locomotive 140 C 27 et ses voitures. Partez de Veynes \u00e0 destination de Brian\u00e7on, un train sur deux jours. A l&rsquo;occasion des 150 ans de la ligne.  <\/p>\n<p>Plus de renseignements : https:\/\/veynes.fr<\/p>\n<p><img loading=\"lazy\" decoding=\"async\" class=\" aligncenter size-full wp-image-5566\" src=\"http:\/\/5.45.101.177\/haut-allier\/usagers-transportse\/wp-content\/uploads\/2025\/04\/meg66k4777eg.jpg\" alt=\"meg66k4777eg.jpg\" align=\"center\" width=\"424\" height=\"600\" srcset=\"https:\/\/usagers-transports.haut-allier.eu\/wp-content\/uploads\/2025\/04\/meg66k4777eg.jpg 424w, https:\/\/usagers-transports.haut-allier.eu\/wp-content\/uploads\/2025\/04\/meg66k4777eg-212x300.jpg 212w\" sizes=\"auto, (max-width: 424px) 100vw, 424px\" \/><\/p>\n<p>[vert clair]Un voyage \u00e0 moiti\u00e9 en train \u00e0 vapeur les <strong>17 et 18 mai 2025<\/strong> entre B\u00e9ziers et Clermont[\/vert clair]<\/p>\n<p>La ligne des Causses va accueillir un aller retour suppl\u00e9mentaire en mai prochain puisque l&rsquo;association \u00ab\u00a0Train \u00e0 Vapeur d&rsquo;Auvergne\u00a0\u00bb vous propose un voyage de Clermont-Ferrand (63) \u00e0 B\u00e9ziers (34) sur deux jours, du samedi 17 au dimanche 18 Mai 2025.<\/p>\n<p>Le trac\u00e9 choisi est le trac\u00e9 normal qui emprunte le viaduc de Garabit.<\/p>\n<p>Des arr\u00eats repas et touristiques sont pr\u00e9vus \u00e0 Millau pour le voyage aller, puis \u00e0 Marvejols et Saint-Flour pour le voyage retour.<\/p>\n<p>Toujours pour le voyage aller, il est possible d&rsquo;aller visiter les Caves Papillon qui produisent le Roquefort du m\u00eame nom. Les personnes int\u00e9ress\u00e9es se rendront en autocar depuis Millau jusqu&rsquo;\u00e0 la c\u00e9l\u00e8bre cit\u00e9, pour ensuite reprendre le convoi dans la gare de ce m\u00eame village apr\u00e8s la visite.<\/p>\n<p><strong>Mat\u00e9riel aller : une ou deux Rames R\u00e9versibles R\u00e9gionales accompagn\u00e9e de leur locomotive diesel-\u00e9l\u00e8ctrique de type BB67400.<br \/>\nMat\u00e9riel retour : une composition historique des ann\u00e9es 30 \u00e0 70 qui sera tract\u00e9e par la c\u00e9l\u00e8bre locomotive \u00e0 vapeur 140 C 27 du G.A.D.E.F.T de N\u00eemes.<\/strong><\/p>\n<p>Diff\u00e9rentes options de r\u00e9servations sont disponibles tel que : (tarifs donn\u00e9s \u00e0 titre indicatif pour une seule personne,voir le site de l&rsquo;association)<br \/>\n&#8211; Le billet A\/R de base : 140.00\u20ac<br \/>\n&#8211; Un repas au choix ou les deux dans un restaurant : 25.00\u20ac \/ repas<br \/>\n&#8211; Une visite des Caves Papillon : 10.00\u20ac<br \/>\n&#8211; Une nuit \u00e0 l&rsquo;h\u00f4tel \u00e0 B\u00e9ziers : 100.00\u20ac<\/p>\n<p>Horaires 17 Mai 2025 :<\/p>\n<p>06H30 Clermont-Ferrand<br \/>\n06H48 Vic-le-Compte<br \/>\n07H07 Issoire<br \/>\n07H33 Arvant<br \/>\n08H17 \u2013 08H38 Neussargues<br \/>\n09H11 Saint-Flour<br \/>\n10H20 Aumont-Aubrac<br \/>\n10H49 Marvejols<br \/>\n12H00 S\u00e9v\u00e9rac-le-Ch\u00e2teau<br \/>\n12H29 \u2013 15H59 Millau<br \/>\n16H41 Tournemire \u2013 Roquefort<br \/>\n18H10 B\u00e9ziers<\/p>\n<p>Horaires 18 Mai 2025 :<\/p>\n<p>07H40 B\u00e9ziers<br \/>\n08H32 B\u00e9darieux<br \/>\n09H47 Tournemire-Roquefort<br \/>\n10H29 Millau<br \/>\n11H10 S\u00e9v\u00e9rac-le-Ch\u00e2teau<br \/>\n12H14 \u2013 14H44 Marvejols<br \/>\n15H23 Saint-Ch\u00e9ly-d&rsquo;Apcher<br \/>\n16H39 \u2013 17H39 Saint-Flour<br \/>\n18H01 \u2013 18H26 Neussargues<br \/>\n19H38 Arvant<br \/>\n20H21 Issoire<br \/>\n20H43 Vic-le-Compte<br \/>\n20H53 Clermont-Ferrand<\/p>\n<p>Sous r\u00e9serve de modifications<\/p>\n<p>Site des organisateurs : https:\/\/trainvapeur-auvergne.com<\/p>\n<p>[vert clair]Le Thermal Express, le <strong>samedi 31 Mai 2025<\/strong> entre Clermont-Ferrand-La Bourboule Aller Retour[\/vert clair]<\/p>\n<p>A l\u2019occasion des 150 ans de la ville de La Bourboule et des 125 ans de son funiculaire, l\u2019association \u00ab Fun Rail \u00bb organise un week-end de festivit\u00e9s dans la cit\u00e9 thermale. Le mot d\u2019ordre : f\u00eater ensemble les moyens de transport anciens ! Et quoi de plus symbolique que de s\u2019y rendre en train \u00e0 vapeur ? En effet, autrefois, un train de premi\u00e8re classe saisonnier au d\u00e9part de Paris desservait les stations thermales de l\u2019Auvergne. Dans cet \u00e9crin entre massif du Sancy et volcans d\u2019Auvergne, nous vous emmenons sur les traces du train des curistes.<\/p>\n<p>Site de l&rsquo;\u00e9v\u00e9nement : <a href=\"https:\/\/fun-rail-la-bourboule.fr\/\">https:\/\/fun-rail-la-bourboule.fr\/<\/a><\/p>\n<p><img loading=\"lazy\" decoding=\"async\" class=\" aligncenter size-full wp-image-5567\" src=\"http:\/\/5.45.101.177\/haut-allier\/usagers-transportse\/wp-content\/uploads\/2025\/04\/fun-rail-la-bourboule-04-14-2025_01_59_pm.jpg\" alt=\"fun-rail---la-bourboule-04-14-2025_01_59_pm.jpg\" align=\"center\" width=\"507\" height=\"286\" srcset=\"https:\/\/usagers-transports.haut-allier.eu\/wp-content\/uploads\/2025\/04\/fun-rail-la-bourboule-04-14-2025_01_59_pm.jpg 507w, https:\/\/usagers-transports.haut-allier.eu\/wp-content\/uploads\/2025\/04\/fun-rail-la-bourboule-04-14-2025_01_59_pm-300x169.jpg 300w\" sizes=\"auto, (max-width: 507px) 100vw, 507px\" \/><\/p>\n<p>[vert clair]Les Gorges de l&rsquo;Allier \u00e0 toute vapeur ! le <strong>dimanche 22 juin 2025<\/strong> entre Clermont-Ferrand et Langogne Aller et retour[\/vert clair]<\/p>\n<p>Sillonnant le territoire auvergnat, notre train vous emm\u00e8ne d\u00e9couvrir les Gorges de l\u2019Allier. Cette rivi\u00e8re a sculpt\u00e9 des paysages majestueux que vous ne pouvez admirer que depuis la voie ferr\u00e9e. Une fois \u00e0 bord, d\u00e9tendez-vous\u2026 le train s\u2019occupe de tout ! Laissez vous transporter confortablement install\u00e9s dans nos voitures historiques tract\u00e9es par une locomotive \u00e0 vapeur de 1916.<\/p>\n<p>R\u00e9servations <a href=\"https:\/\/www.trainvapeur-auvergne.com\/produit\/les-gorges-de-lallier-a-toute-vapeur\/\"><em>ici<\/em><\/a>.<\/p>\n<p>[vert clair]Le Train du Cornet de Murat le <strong>dimanche 21 septembre 2025<\/strong> entre Clermont-Ferrand et Murat (15) Aller et retour[\/vert clair]<\/p>\n<p>Pour la 21\u00e8me \u00e9dition de la f\u00eate du Cornet de Murat, nous vous invitons \u00e0 d\u00e9couvrir ou red\u00e9couvrir la sp\u00e9cialit\u00e9 de de ce village Cantalien mais pas que\u2026 <\/p>\n<p>Nous d\u00e9couvrirons ensemble les paysages de notre Massif Central que nous soyons au pied du puy de D\u00f4me \u00e0 Clermont-Ferrand ou en longeant l\u2019Allier jusqu\u2019\u00e0 Arvant. Notre train se fraiera un passage dans les gorges de l\u2019Alagnon jusqu\u2019\u00e0 atteindre Neussargues au pied du Volcan du Cantal, Murat est tout proche.<\/p>\n<p>R\u00e9servations <a href=\"https:\/\/www.trainvapeur-auvergne.com\/produit\/train-du-cornet-de-murat\/\"><em>ici<\/em><\/a>.<\/p>\n<p>[vert clair]Le C\u00e9venol Express c&rsquo;est le <strong>samedi 4 octobre 2025<\/strong> entre Clermont-Ferrand et N\u00eemes. Aller pour la vapeur, retour avec une locomotive diesel.[\/vert clair]<\/p>\n<p>Vous prendrez place \u00e0 bord d\u2019un train tract\u00e9 par la locomotive \u00e0 vapeur 140 C 27 et remorquant quelques voitures de notre rame historique. Ces voitures \u00e0 compartiments construites entre les ann\u00e9es 30 et les ann\u00e9es 70 vous permettront de voyager confortablement toute la journ\u00e9e. Embarquez sur une des (pour pas dire la) plus belle ligne de France ! <\/p>\n<p>R\u00e9servations <a href=\"https:\/\/www.trainvapeur-auvergne.com\/produit\/le-cevenol-express\/\"><em>ici<\/em><\/a>.<\/p>\n<p>Une belle saison montagnarde pour la loco vapeur du <a href=\"https:\/\/www.gadeft.com\/nos-voyages\"><em>GADEFT<\/em><\/a> ici gare de N\u00eemes centre.<\/p>\n<p><img loading=\"lazy\" decoding=\"async\" class=\" aligncenter size-full wp-image-5568\" src=\"http:\/\/5.45.101.177\/haut-allier\/usagers-transportse\/wp-content\/uploads\/2025\/04\/large_gadeft_140_c27_5_d69c554125.jpg\" alt=\"large_gadeft_140_c27_5_d69c554125.jpg\" align=\"center\" width=\"1000\" height=\"750\" srcset=\"https:\/\/usagers-transports.haut-allier.eu\/wp-content\/uploads\/2025\/04\/large_gadeft_140_c27_5_d69c554125.jpg 1000w, https:\/\/usagers-transports.haut-allier.eu\/wp-content\/uploads\/2025\/04\/large_gadeft_140_c27_5_d69c554125-300x225.jpg 300w, https:\/\/usagers-transports.haut-allier.eu\/wp-content\/uploads\/2025\/04\/large_gadeft_140_c27_5_d69c554125-768x576.jpg 768w\" sizes=\"auto, (max-width: 1000px) 100vw, 1000px\" \/><\/p>\n","protected":false},"excerpt":{"rendered":"<p>[vert clair]Escapade en territoire de l&rsquo;ex-PLM les samedi 26 et dimanche 27 Avril 2025 de Veynes \u00e0 Brian\u00e7on<\/p>\n","protected":false},"author":1,"featured_media":5565,"comment_status":"open","ping_status":"open","sticky":false,"template":"","format":"standard","meta":{"footnotes":""},"categories":[3],"tags":[],"class_list":["post-1196","post","type-post","status-publish","format-standard","has-post-thumbnail","hentry","category-en-train"],"_links":{"self":[{"href":"https:\/\/usagers-transports.haut-allier.eu\/index.php\/wp-json\/wp\/v2\/posts\/1196","targetHints":{"allow":["GET"]}}],"collection":[{"href":"https:\/\/usagers-transports.haut-allier.eu\/index.php\/wp-json\/wp\/v2\/posts"}],"about":[{"href":"https:\/\/usagers-transports.haut-allier.eu\/index.php\/wp-json\/wp\/v2\/types\/post"}],"author":[{"embeddable":true,"href":"https:\/\/usagers-transports.haut-allier.eu\/index.php\/wp-json\/wp\/v2\/users\/1"}],"replies":[{"embeddable":true,"href":"https:\/\/usagers-transports.haut-allier.eu\/index.php\/wp-json\/wp\/v2\/comments?post=1196"}],"version-history":[{"count":0,"href":"https:\/\/usagers-transports.haut-allier.eu\/index.php\/wp-json\/wp\/v2\/posts\/1196\/revisions"}],"wp:featuredmedia":[{"embeddable":true,"href":"https:\/\/usagers-transports.haut-allier.eu\/index.php\/wp-json\/wp\/v2\/media\/5565"}],"wp:attachment":[{"href":"https:\/\/usagers-transports.haut-allier.eu\/index.php\/wp-json\/wp\/v2\/media?parent=1196"}],"wp:term":[{"taxonomy":"category","embeddable":true,"href":"https:\/\/usagers-transports.haut-allier.eu\/index.php\/wp-json\/wp\/v2\/categories?post=1196"},{"taxonomy":"post_tag","embeddable":true,"href":"https:\/\/usagers-transports.haut-allier.eu\/index.php\/wp-json\/wp\/v2\/tags?post=1196"}],"curies":[{"name":"wp","href":"https:\/\/api.w.org\/{rel}","templated":true}]}}