{"id":1198,"date":"2025-04-17T07:25:45","date_gmt":"2025-04-17T05:25:45","guid":{"rendered":"http:\/\/5.45.101.177\/haut-allier\/usagers-transportse\/index.php\/2025\/04\/17\/les-trains-de-la-colere-a-paris1198\/"},"modified":"2025-04-17T07:25:45","modified_gmt":"2025-04-17T05:25:45","slug":"les-trains-de-la-colere-a-paris1198","status":"publish","type":"post","link":"https:\/\/usagers-transports.haut-allier.eu\/index.php\/2025\/04\/17\/les-trains-de-la-colere-a-paris1198\/","title":{"rendered":"Les trains de la Col\u00e8re \u00e0 Paris : bilan et retour en vid\u00e9o sur le 15 avril"},"content":{"rendered":"<p>Apr\u00e8s une journ\u00e9e tr\u00e8s positive et m\u00e9diatique o\u00f9 les acteurs des territoires ont bien pris conscience de la haute consid\u00e9ration que leur portait le gouvernement et durant laquelle aussi se sont pr\u00e9cipit\u00e9s devant les cam\u00e9ras parisiennes m\u00eame des gens qui ne se sont jamais boug\u00e9 pour ces deux lignes comme le pr\u00e9sident de la FNAUT qui paradait devant les journalistes, nous vous proposons quelques vid\u00e9os de notre cru qui tentent de r\u00e9sumer l&rsquo;initiative.<\/p>\n<p>Vous pourrez trouver un <a href=\"https:\/\/aurail.eu\/2025\/04\/trains-de-la-colere-lignes-polt-et-clermont-paris-le-15-avril-histoire-dun-etat-sourd-aux-demandes-des-usagers\/\"><em>compte-rendu d\u00e9taill\u00e9<\/em><\/a> plus complet sur le site du collectif r\u00e9gional Aurail.   <\/p>\n<p><em>De Clermont \u00e0 Paris&#8230;<\/em><br \/>\n<center><br \/>\n<iframe loading=\"lazy\" width=\"560\" height=\"315\" src=\"https:\/\/www.youtube.com\/embed\/LncQCGHCHXE?si=FqOqPIJM80cRvIp8\" title=\"YouTube video player\" frameborder=\"0\" allow=\"accelerometer; autoplay; clipboard-write; encrypted-media; gyroscope; picture-in-picture; web-share\" referrerpolicy=\"strict-origin-when-cross-origin\" allowfullscreen><\/iframe><br \/>\n<\/center><\/p>\n<p><em>Un creusois de la ligne POLT qui a voulu rester anonyme r\u00e9sume bien la gal\u00e8re de nos r\u00e9gions rurales <\/em><br \/>\n<center><br \/>\n<iframe loading=\"lazy\" width=\"560\" height=\"315\" src=\"https:\/\/www.youtube.com\/embed\/PjOndWLv61A?si=5EcIY2YhNrtbOaxm\" title=\"YouTube video player\" frameborder=\"0\" allow=\"accelerometer; autoplay; clipboard-write; encrypted-media; gyroscope; picture-in-picture; web-share\" referrerpolicy=\"strict-origin-when-cross-origin\" allowfullscreen><\/iframe><br \/>\n<\/center><\/p>\n<p>De notre c\u00f4t\u00e9 nous avons port\u00e9 ce message :<\/p>\n<p><img loading=\"lazy\" decoding=\"async\" class=\" aligncenter size-full wp-image-5570\" src=\"http:\/\/5.45.101.177\/haut-allier\/usagers-transportse\/wp-content\/uploads\/2025\/04\/cutha-trainparisclermont2025-marquepages-invx1.jpg\" alt=\"cutha-trainparisclermont2025-marquepages-invx1.jpg\" align=\"center\" width=\"432\" height=\"1397\" srcset=\"https:\/\/usagers-transports.haut-allier.eu\/wp-content\/uploads\/2025\/04\/cutha-trainparisclermont2025-marquepages-invx1.jpg 432w, https:\/\/usagers-transports.haut-allier.eu\/wp-content\/uploads\/2025\/04\/cutha-trainparisclermont2025-marquepages-invx1-93x300.jpg 93w, https:\/\/usagers-transports.haut-allier.eu\/wp-content\/uploads\/2025\/04\/cutha-trainparisclermont2025-marquepages-invx1-317x1024.jpg 317w\" sizes=\"auto, (max-width: 432px) 100vw, 432px\" \/><\/p>\n<p><em>Un bon r\u00e9sum\u00e9 dans le journal du soir de France 3 Auvergne<\/em><br \/>\n<center><br \/>\n<iframe loading=\"lazy\" width=\"560\" height=\"315\" src=\"https:\/\/www.youtube.com\/embed\/1Sw3qwq8YWk?si=16-_3xoaI02Su2WZ\" title=\"YouTube video player\" frameborder=\"0\" allow=\"accelerometer; autoplay; clipboard-write; encrypted-media; gyroscope; picture-in-picture; web-share\" referrerpolicy=\"strict-origin-when-cross-origin\" allowfullscreen><\/iframe><br \/>\n<\/center><\/p>\n","protected":false},"excerpt":{"rendered":"<p>Apr\u00e8s une journ\u00e9e tr\u00e8s positive et m\u00e9diatique o\u00f9 les acteurs des territoires ont bien pris conscience de la<\/p>\n","protected":false},"author":1,"featured_media":5569,"comment_status":"closed","ping_status":"open","sticky":false,"template":"","format":"standard","meta":{"footnotes":""},"categories":[5],"tags":[],"class_list":["post-1198","post","type-post","status-publish","format-standard","has-post-thumbnail","hentry","category-ensemble"],"_links":{"self":[{"href":"https:\/\/usagers-transports.haut-allier.eu\/index.php\/wp-json\/wp\/v2\/posts\/1198","targetHints":{"allow":["GET"]}}],"collection":[{"href":"https:\/\/usagers-transports.haut-allier.eu\/index.php\/wp-json\/wp\/v2\/posts"}],"about":[{"href":"https:\/\/usagers-transports.haut-allier.eu\/index.php\/wp-json\/wp\/v2\/types\/post"}],"author":[{"embeddable":true,"href":"https:\/\/usagers-transports.haut-allier.eu\/index.php\/wp-json\/wp\/v2\/users\/1"}],"replies":[{"embeddable":true,"href":"https:\/\/usagers-transports.haut-allier.eu\/index.php\/wp-json\/wp\/v2\/comments?post=1198"}],"version-history":[{"count":0,"href":"https:\/\/usagers-transports.haut-allier.eu\/index.php\/wp-json\/wp\/v2\/posts\/1198\/revisions"}],"wp:featuredmedia":[{"embeddable":true,"href":"https:\/\/usagers-transports.haut-allier.eu\/index.php\/wp-json\/wp\/v2\/media\/5569"}],"wp:attachment":[{"href":"https:\/\/usagers-transports.haut-allier.eu\/index.php\/wp-json\/wp\/v2\/media?parent=1198"}],"wp:term":[{"taxonomy":"category","embeddable":true,"href":"https:\/\/usagers-transports.haut-allier.eu\/index.php\/wp-json\/wp\/v2\/categories?post=1198"},{"taxonomy":"post_tag","embeddable":true,"href":"https:\/\/usagers-transports.haut-allier.eu\/index.php\/wp-json\/wp\/v2\/tags?post=1198"}],"curies":[{"name":"wp","href":"https:\/\/api.w.org\/{rel}","templated":true}]}}