{"id":1199,"date":"2025-04-20T10:41:45","date_gmt":"2025-04-20T08:41:45","guid":{"rendered":"http:\/\/5.45.101.177\/haut-allier\/usagers-transportse\/index.php\/2025\/04\/20\/ligne-des-cevennes-reprise-des1199\/"},"modified":"2025-04-20T10:41:45","modified_gmt":"2025-04-20T08:41:45","slug":"ligne-des-cevennes-reprise-des1199","status":"publish","type":"post","link":"https:\/\/usagers-transports.haut-allier.eu\/index.php\/2025\/04\/20\/ligne-des-cevennes-reprise-des1199\/","title":{"rendered":"Ligne des C\u00e9vennes : reprise des circulations entre N\u00eemes et Langogne ce 25 avril"},"content":{"rendered":"<p>Pour la partie nord, en Auvergne Rh\u00f4ne Alpes on attendra mi juin ! Questionn\u00e9s sur cette non coordination des travaux SNCF R\u00e9seau et la R\u00e9gion AuRA restent muettes.  Comme des incapables de r\u00e9pondre \u00e0 nos demandes r\u00e9p\u00e9t\u00e9es depuis 5 ans. Un vrai m\u00e9pris des habitants du haut Allier.<\/p>\n<p>En tous cas pour la partie sud tout reprend le vendredi 25 avril \u00e0 17h.Les trains vont enfin circuler \u00e0 nouveau entre Marvejols et Mende sur la ligne Transloz\u00e9rienne et entre La Bastide et Al\u00e8s et certains jusqu&rsquo;\u00e0 Langogne. Les travaux de confortement de la falaise suivant le d\u00e9raillement de l&rsquo;an dernier touchant \u00e0 leur fin.<\/p>\n<p><strong>Le premier train direct entre N\u00eemes et Langogne est celui de 16h56 et le premier dans l&rsquo;autre sens c&rsquo;est 19h46 le lendemain. <\/strong> <\/p>\n<p><strong>Le premier train direct entre N\u00eemes et Mende est celui de 18h20 et dans l&rsquo;autre sens \u00e0 11h50 le lendemain (au tarif de 1 euro en plus). <\/strong> <\/p>\n<p>Les autres TER arrivent directement \u00e0 La Bastide Saint-Laurent les Bains. <\/p>\n<p><em>Captures d&rsquo;\u00e9cran de SNCF Connect ce 20 avril<\/em><br \/>\n<img loading=\"lazy\" decoding=\"async\" class=\" aligncenter size-full wp-image-5572\" src=\"http:\/\/5.45.101.177\/haut-allier\/usagers-transportse\/wp-content\/uploads\/2025\/04\/sncf-connect-resultats-d-itineraires-aller-04-20-2025_10_25_am.jpg\" alt=\"sncf-connect-resultats-d-itineraires-aller-04-20-2025_10_25_am.jpg\" align=\"center\" width=\"907\" height=\"274\" srcset=\"https:\/\/usagers-transports.haut-allier.eu\/wp-content\/uploads\/2025\/04\/sncf-connect-resultats-d-itineraires-aller-04-20-2025_10_25_am.jpg 907w, https:\/\/usagers-transports.haut-allier.eu\/wp-content\/uploads\/2025\/04\/sncf-connect-resultats-d-itineraires-aller-04-20-2025_10_25_am-300x91.jpg 300w, https:\/\/usagers-transports.haut-allier.eu\/wp-content\/uploads\/2025\/04\/sncf-connect-resultats-d-itineraires-aller-04-20-2025_10_25_am-768x232.jpg 768w\" sizes=\"auto, (max-width: 907px) 100vw, 907px\" \/><br \/>\n<img loading=\"lazy\" decoding=\"async\" class=\" aligncenter size-full wp-image-5573\" src=\"http:\/\/5.45.101.177\/haut-allier\/usagers-transportse\/wp-content\/uploads\/2025\/04\/sncf-connect-resultats-d-itineraires-aller-04-20-2025_10_29_am.jpg\" alt=\"sncf-connect-resultats-d-itineraires-aller-04-20-2025_10_29_am.jpg\" align=\"center\" width=\"907\" height=\"170\" srcset=\"https:\/\/usagers-transports.haut-allier.eu\/wp-content\/uploads\/2025\/04\/sncf-connect-resultats-d-itineraires-aller-04-20-2025_10_29_am.jpg 907w, https:\/\/usagers-transports.haut-allier.eu\/wp-content\/uploads\/2025\/04\/sncf-connect-resultats-d-itineraires-aller-04-20-2025_10_29_am-300x56.jpg 300w, https:\/\/usagers-transports.haut-allier.eu\/wp-content\/uploads\/2025\/04\/sncf-connect-resultats-d-itineraires-aller-04-20-2025_10_29_am-768x144.jpg 768w\" sizes=\"auto, (max-width: 907px) 100vw, 907px\" \/><br \/>\n<img loading=\"lazy\" decoding=\"async\" class=\" aligncenter size-full wp-image-5574\" src=\"http:\/\/5.45.101.177\/haut-allier\/usagers-transportse\/wp-content\/uploads\/2025\/04\/sncf-connect-resultats-d-itineraires-aller-04-20-2025_10_31_am.jpg\" alt=\"sncf-connect-resultats-d-itineraires-aller-04-20-2025_10_31_am.jpg\" align=\"center\" width=\"1082\" height=\"200\" srcset=\"https:\/\/usagers-transports.haut-allier.eu\/wp-content\/uploads\/2025\/04\/sncf-connect-resultats-d-itineraires-aller-04-20-2025_10_31_am.jpg 1082w, https:\/\/usagers-transports.haut-allier.eu\/wp-content\/uploads\/2025\/04\/sncf-connect-resultats-d-itineraires-aller-04-20-2025_10_31_am-300x55.jpg 300w, https:\/\/usagers-transports.haut-allier.eu\/wp-content\/uploads\/2025\/04\/sncf-connect-resultats-d-itineraires-aller-04-20-2025_10_31_am-1024x189.jpg 1024w, https:\/\/usagers-transports.haut-allier.eu\/wp-content\/uploads\/2025\/04\/sncf-connect-resultats-d-itineraires-aller-04-20-2025_10_31_am-768x142.jpg 768w\" sizes=\"auto, (max-width: 1082px) 100vw, 1082px\" \/><\/p>\n","protected":false},"excerpt":{"rendered":"<p>Pour la partie nord, en Auvergne Rh\u00f4ne Alpes on attendra mi juin ! Questionn\u00e9s sur cette non coordination<\/p>\n","protected":false},"author":1,"featured_media":5571,"comment_status":"closed","ping_status":"open","sticky":false,"template":"","format":"standard","meta":{"footnotes":""},"categories":[3],"tags":[],"class_list":["post-1199","post","type-post","status-publish","format-standard","has-post-thumbnail","hentry","category-en-train"],"_links":{"self":[{"href":"https:\/\/usagers-transports.haut-allier.eu\/index.php\/wp-json\/wp\/v2\/posts\/1199","targetHints":{"allow":["GET"]}}],"collection":[{"href":"https:\/\/usagers-transports.haut-allier.eu\/index.php\/wp-json\/wp\/v2\/posts"}],"about":[{"href":"https:\/\/usagers-transports.haut-allier.eu\/index.php\/wp-json\/wp\/v2\/types\/post"}],"author":[{"embeddable":true,"href":"https:\/\/usagers-transports.haut-allier.eu\/index.php\/wp-json\/wp\/v2\/users\/1"}],"replies":[{"embeddable":true,"href":"https:\/\/usagers-transports.haut-allier.eu\/index.php\/wp-json\/wp\/v2\/comments?post=1199"}],"version-history":[{"count":0,"href":"https:\/\/usagers-transports.haut-allier.eu\/index.php\/wp-json\/wp\/v2\/posts\/1199\/revisions"}],"wp:featuredmedia":[{"embeddable":true,"href":"https:\/\/usagers-transports.haut-allier.eu\/index.php\/wp-json\/wp\/v2\/media\/5571"}],"wp:attachment":[{"href":"https:\/\/usagers-transports.haut-allier.eu\/index.php\/wp-json\/wp\/v2\/media?parent=1199"}],"wp:term":[{"taxonomy":"category","embeddable":true,"href":"https:\/\/usagers-transports.haut-allier.eu\/index.php\/wp-json\/wp\/v2\/categories?post=1199"},{"taxonomy":"post_tag","embeddable":true,"href":"https:\/\/usagers-transports.haut-allier.eu\/index.php\/wp-json\/wp\/v2\/tags?post=1199"}],"curies":[{"name":"wp","href":"https:\/\/api.w.org\/{rel}","templated":true}]}}