{"id":12,"date":"2012-10-31T12:50:00","date_gmt":"2012-10-31T11:50:00","guid":{"rendered":"http:\/\/5.45.101.177\/haut-allier\/usagers-transportse\/index.php\/2012\/10\/31\/apres-les-travaux-le-trafic-des012\/"},"modified":"2012-10-31T12:50:00","modified_gmt":"2012-10-31T11:50:00","slug":"apres-les-travaux-le-trafic-des012","status":"publish","type":"post","link":"https:\/\/usagers-transports.haut-allier.eu\/index.php\/2012\/10\/31\/apres-les-travaux-le-trafic-des012\/","title":{"rendered":"Apr\u00e8s les travaux le trafic des trains marchandises reprend"},"content":{"rendered":"<p>Le trafic des trains de fret reprend ce jour 31 octobre vers 17 heures apr\u00e8s les travaux effectu\u00e9s sur la section Langeac Langogne. <strong>Le trafic voyageurs ne rependra que le 7 d\u00e9cembre<\/strong> car des chantiers subsistent sur la portion Brioude Saint-Georges d&rsquo;Aurac.<\/p>\n<p><strong>N&rsquo;oubliez pas la manifestation en gare de N\u00eemes le samedi 10 novembre \u00e0 14 heures pour le maintien du C\u00e9venol jusqu&rsquo;\u00e0 Marseille capitale europ\u00e9enne de la culture en 2013.<\/strong><\/p>\n","protected":false},"excerpt":{"rendered":"<p>Le trafic des trains de fret reprend ce jour 31 octobre vers 17 heures apr\u00e8s les travaux effectu\u00e9s<\/p>\n","protected":false},"author":1,"featured_media":0,"comment_status":"closed","ping_status":"open","sticky":false,"template":"","format":"standard","meta":{"footnotes":""},"categories":[2],"tags":[],"class_list":["post-12","post","type-post","status-publish","format-standard","hentry","category-infos"],"_links":{"self":[{"href":"https:\/\/usagers-transports.haut-allier.eu\/index.php\/wp-json\/wp\/v2\/posts\/12","targetHints":{"allow":["GET"]}}],"collection":[{"href":"https:\/\/usagers-transports.haut-allier.eu\/index.php\/wp-json\/wp\/v2\/posts"}],"about":[{"href":"https:\/\/usagers-transports.haut-allier.eu\/index.php\/wp-json\/wp\/v2\/types\/post"}],"author":[{"embeddable":true,"href":"https:\/\/usagers-transports.haut-allier.eu\/index.php\/wp-json\/wp\/v2\/users\/1"}],"replies":[{"embeddable":true,"href":"https:\/\/usagers-transports.haut-allier.eu\/index.php\/wp-json\/wp\/v2\/comments?post=12"}],"version-history":[{"count":0,"href":"https:\/\/usagers-transports.haut-allier.eu\/index.php\/wp-json\/wp\/v2\/posts\/12\/revisions"}],"wp:attachment":[{"href":"https:\/\/usagers-transports.haut-allier.eu\/index.php\/wp-json\/wp\/v2\/media?parent=12"}],"wp:term":[{"taxonomy":"category","embeddable":true,"href":"https:\/\/usagers-transports.haut-allier.eu\/index.php\/wp-json\/wp\/v2\/categories?post=12"},{"taxonomy":"post_tag","embeddable":true,"href":"https:\/\/usagers-transports.haut-allier.eu\/index.php\/wp-json\/wp\/v2\/tags?post=12"}],"curies":[{"name":"wp","href":"https:\/\/api.w.org\/{rel}","templated":true}]}}