{"id":120,"date":"2014-02-20T13:41:44","date_gmt":"2014-02-20T12:41:44","guid":{"rendered":"http:\/\/5.45.101.177\/haut-allier\/usagers-transportse\/index.php\/2014\/02\/20\/l-auvergne-et-8-regions-s120\/"},"modified":"2014-02-20T13:41:44","modified_gmt":"2014-02-20T12:41:44","slug":"l-auvergne-et-8-regions-s120","status":"publish","type":"post","link":"https:\/\/usagers-transports.haut-allier.eu\/index.php\/2014\/02\/20\/l-auvergne-et-8-regions-s120\/","title":{"rendered":"L&rsquo;Auvergne et 8 r\u00e9gions s&rsquo;\u00e9mancipent de la SNCF pour acheter leurs trains : et pourquoi ne pas inventer le TVT ?"},"content":{"rendered":"<p>L&rsquo;Auvergne, Rh\u00f4ne Alpes, PACA, et 6 autres r\u00e9gions s&rsquo;engagent dans la cr\u00e9ation d&rsquo;une centrale d&rsquo;achat de leurs trains via la cr\u00e9ation d&rsquo;une \u00ab\u00a0association d\u2019\u00e9tudes sur le mat\u00e9riel ferroviaire roulant\u00a0\u00bb.<br \/>\n&nbsp;<br \/>\nLongtemps d\u00e9sireuses de se d\u00e9tacher de la SNCF qui les prend un peu beaucoup pour des vaches \u00e0 lait, et dont elles n&rsquo;ont que peu de retours chiffr\u00e9s, peu de r\u00e9elles analyses et bilans, voil\u00e0 donc que le pas vient d\u00eatre franchi.<br \/>\n&nbsp;<br \/>\nComme le pr\u00e9cise le site <a href=\"http:\/\/www.mobilicites.com\/fr_actualites_neufs-regions-vont-s-emanciper-de-la-sncf-pour-acheter-leurs-trains_0_77_3093.html\">Mobilit\u00e9s.com<\/a> les r\u00e9gions qui financent les TER \u00e0 100% ne sont r\u00e9ellement propri\u00e9taires qu&rsquo;au bout de&#8230; 36 ans, quand le mat\u00e9riel est obsol\u00e8te.<br \/>\n&nbsp;<br \/>\n<strong>Et si on r\u00eavait un peu ? Et si plusieurs r\u00e9gions contig\u00fces se f\u00e9d\u00e9raient pour des projets d&rsquo;int\u00e9r\u00eats commun comme par exemple, une id\u00e9e que nous lan\u00e7ons, des parcours \u00e0 base de \u00ab\u00a0trains \u00e0 vitesse tranquille\u00a0\u00bb, des \u00ab\u00a0<strong>TVT<\/strong>\u00a0\u00bb qui permettraient de voyager tranquillement \u00e0 des vitesses normales, pour b\u00e9n\u00e9ficier pleinement des pays travers\u00e9s, en s&rsquo;arr\u00eatant et reprenant le trajet o\u00f9 l&rsquo;on veut et quand on veut via un billet interr\u00e9gional valable un ou deux mois. Un billet garantissant un minimum de confort \u00e0 bord (de l&rsquo;eau potable, des toilettes en \u00e9tat, une place assise, une prise \u00e9lectrique&#8230;) et le succ\u00e8s serait au rendez-vous, les usagers hors secteurs TGV reviendraient vers le train classique.<\/strong><br \/>\n&nbsp;<br \/>\nAvant cela il serait sans doute n\u00e9cessaire de changer le personnel, y compris de bord par du sp\u00e9cifique \u00ab\u00a0R\u00e9gions\u00a0\u00bb, d&rsquo;\u00e9quiper toutes les gares et haltes de billetteries et consignes automatiques r\u00e9gionales.<br \/>\n&nbsp;<br \/>\nDe nouveaux horizons s&rsquo;ouvrent pour le train et le <strong>TVT<\/strong> dans les r\u00e9gions.<br \/>\n&nbsp;<br \/>\n<img loading=\"lazy\" decoding=\"async\" class=\" aligncenter size-full wp-image-1604\" src=\"http:\/\/5.45.101.177\/haut-allier\/usagers-transportse\/wp-content\/uploads\/2014\/02\/tvt-usagers-transports-haut-allier-eu.png\" alt=\"tvt-usagers-transports-haut-allier-eu.png\" align=\"center\" width=\"626\" height=\"426\" srcset=\"https:\/\/usagers-transports.haut-allier.eu\/wp-content\/uploads\/2014\/02\/tvt-usagers-transports-haut-allier-eu.png 626w, https:\/\/usagers-transports.haut-allier.eu\/wp-content\/uploads\/2014\/02\/tvt-usagers-transports-haut-allier-eu-300x204.png 300w\" sizes=\"auto, (max-width: 626px) 100vw, 626px\" \/><\/p>\n","protected":false},"excerpt":{"rendered":"<p>L&rsquo;Auvergne, Rh\u00f4ne Alpes, PACA, et 6 autres r\u00e9gions s&rsquo;engagent dans la cr\u00e9ation d&rsquo;une centrale d&rsquo;achat de leurs trains<\/p>\n","protected":false},"author":1,"featured_media":1603,"comment_status":"closed","ping_status":"open","sticky":false,"template":"","format":"standard","meta":{"footnotes":""},"categories":[2],"tags":[],"class_list":["post-120","post","type-post","status-publish","format-standard","has-post-thumbnail","hentry","category-infos"],"_links":{"self":[{"href":"https:\/\/usagers-transports.haut-allier.eu\/index.php\/wp-json\/wp\/v2\/posts\/120","targetHints":{"allow":["GET"]}}],"collection":[{"href":"https:\/\/usagers-transports.haut-allier.eu\/index.php\/wp-json\/wp\/v2\/posts"}],"about":[{"href":"https:\/\/usagers-transports.haut-allier.eu\/index.php\/wp-json\/wp\/v2\/types\/post"}],"author":[{"embeddable":true,"href":"https:\/\/usagers-transports.haut-allier.eu\/index.php\/wp-json\/wp\/v2\/users\/1"}],"replies":[{"embeddable":true,"href":"https:\/\/usagers-transports.haut-allier.eu\/index.php\/wp-json\/wp\/v2\/comments?post=120"}],"version-history":[{"count":0,"href":"https:\/\/usagers-transports.haut-allier.eu\/index.php\/wp-json\/wp\/v2\/posts\/120\/revisions"}],"wp:featuredmedia":[{"embeddable":true,"href":"https:\/\/usagers-transports.haut-allier.eu\/index.php\/wp-json\/wp\/v2\/media\/1603"}],"wp:attachment":[{"href":"https:\/\/usagers-transports.haut-allier.eu\/index.php\/wp-json\/wp\/v2\/media?parent=120"}],"wp:term":[{"taxonomy":"category","embeddable":true,"href":"https:\/\/usagers-transports.haut-allier.eu\/index.php\/wp-json\/wp\/v2\/categories?post=120"},{"taxonomy":"post_tag","embeddable":true,"href":"https:\/\/usagers-transports.haut-allier.eu\/index.php\/wp-json\/wp\/v2\/tags?post=120"}],"curies":[{"name":"wp","href":"https:\/\/api.w.org\/{rel}","templated":true}]}}