{"id":1203,"date":"2025-05-10T14:17:13","date_gmt":"2025-05-10T12:17:13","guid":{"rendered":"http:\/\/5.45.101.177\/haut-allier\/usagers-transportse\/index.php\/2025\/05\/10\/conference-nationale-sur-le1203\/"},"modified":"2025-05-10T14:17:13","modified_gmt":"2025-05-10T12:17:13","slug":"conference-nationale-sur-le1203","status":"publish","type":"post","link":"https:\/\/usagers-transports.haut-allier.eu\/index.php\/2025\/05\/10\/conference-nationale-sur-le1203\/","title":{"rendered":"Conf\u00e9rence nationale sur le financement des mobilit\u00e9s : notre contribution"},"content":{"rendered":"<p>Alors que se d\u00e9roule durant tout le mois de mai Ambition France Transports, la conf\u00e9rence sur le financement \u00ab\u00a0des SERM\u00a0\u00bb, puis changement \u00ab\u00a0du ferroviaire\u00a0\u00bb, puis rechangement \u00ab\u00a0des mobilit\u00e9s\u00a0\u00bb, nous venons de participer en d\u00e9posant notre \u00ab\u00a0cahier d&rsquo;acteurs\u00a0\u00bb.<\/p>\n<p>Le voici en <a href=\"https:\/\/usagers-transports.haut-allier.eu\/IMG\/pdf\/cahier-acteur-ambition-france-transports-janvier2025.pdf\"><em>PDF<\/em><\/a>.<\/p>\n<p><a href=\"http:\/\/5.45.101.177\/haut-allier\/usagers-transportse\/wp-content\/uploads\/2025\/05\/cahier-acteur-ambition-france-transports-janvier2025.pdf\">cahier-acteur-ambition-france-transports-janvier2025.pdf<\/a><\/p>\n<p>En image :<br \/>\n<image3996|center><\/p>\n<p>Et en texte :<\/p>\n<blockquote class=\"poesie\"><p>\n<em><br \/>\nCAHIER D&rsquo;ACTEURS AMBITION FRANCE TRANSPORTS<\/p>\n<p>Le 10 mai 2025<\/p>\n<p>Le Collectif des Usagers des Transports du Haut Allier existe depuis 2009 suite aux al\u00e9as et insuffisances de la ligne des C\u00e9vennes. Depuis nous avons int\u00e9gr\u00e9 les probl\u00e9matiques ferroviaires \u00e0 une \u00e9chelle bien plus large ce pourquoi nous nous permettons ces propositions au niveau national.<\/p>\n<p>Nous regrettons n\u00e9anmoins que chaque fois qu&rsquo;un probl\u00e8me li\u00e9 \u00e0 la mobilit\u00e9 en train se pose, le gouvernement rechigne \u00e0 agir et repousse en organisant tel ou tel grenelle, tel ou tel colloque, alors que les probl\u00e8mes sont connus depuis longtemps ainsi que les solutions.<\/p>\n<p>Nous d\u00e9tenons un r\u00e9seau ferr\u00e9 exceptionnel mais en voie constante de dess\u00e8chement faute de financement, avec des usagers ruraux et de petites villes de plus en plus laiss\u00e9s pour compte et \u00e7a ne va pas s\u2019arranger avec les SERMS. Toutes les r\u00e9gions, autorit\u00e9s organisatrices des transports, ne sont pas persuad\u00e9es du bien fond\u00e9 environnemental de prioriser le train par rapport aux autres modes. L\u2019\u00c9tat quant \u00e0 lui se recroqueville et assure le minimum quant aux Intercit\u00e9s de nuit et de jour qu\u2019il g\u00e8re. Nous en savons quelque chose dans le Massif central qui attend le retour de sa desserte compl\u00e8te en train de nuit disparue en 2003.<\/p>\n<p>Nous appelons les gouvernants de ce pays \u00e0 prioriser et planifier les investissements vers le transport collectif d\u00e9carbon\u00e9 qu&rsquo;est le train. Il faut rattraper les insuffisances d&rsquo;investissement des d\u00e9cennies pass\u00e9es qui nous placent dernier des pays europ\u00e9ens en la mati\u00e8re.<\/p>\n<p>La n\u00e9cessit\u00e9 de r\u00e9orienter les d\u00e9penses concernant la mobilit\u00e9 vers le ferroviaire et de trouver de nouvelles ressources peut se r\u00e9soudre ais\u00e9ment :<\/p>\n<p>&#8211; en r\u00e9tablissant l&rsquo;\u00e9cotaxe pour les poids lourds<br \/>\n&#8211; en installant un fond de p\u00e9r\u00e9quation aliment\u00e9 par les p\u00e9ages autoroutiers<br \/>\n&#8211; en r\u00e9orientant les financements d\u00e9di\u00e9s \u00e0 la route vers le rail notamment par le report des investissements sur les projets de nouvelles infrastructures routi\u00e8res vers la r\u00e9g\u00e9n\u00e9ration des lignes ferroviaires existantes<br \/>\n&#8211; en taxant r\u00e9ellement et de fa\u00e7on plus \u00e9lev\u00e9e le k\u00e9ros\u00e8ne ou les billets d&rsquo;avion<br \/>\n&#8211; en syst\u00e9matisant le versement mobilit\u00e9 des entreprises, un moyen de maintenir des outils de production en zone de peu dense et de fid\u00e9liser les salari\u00e9s<br \/>\n&#8211; en mobilisant l&rsquo;\u00e9pargne des Fran\u00e7ais en cr\u00e9ant par exemple \u00ab\u00a0un livret A ferroviaire\u00a0\u00bb<br \/>\n&#8211; en mobilisant des fonds europ\u00e9ens pour engager vraiment la transition \u00e9cologique dans les transports d\u00e9carbon\u00e9s (1\/3 des \u00e9missions de gaz \u00e0 effet de serre li\u00e9es aux transports)<\/p>\n<p>A l&rsquo;int\u00e9rieur de cette enveloppe d\u00e9di\u00e9e au ferroviaire il sera urgent de prioriser la r\u00e9g\u00e9n\u00e9ration et la modernisation du r\u00e9seau, surtout nos \u00ab\u00a0Lignes de Desserte Fine du Territoire\u00a0\u00bb, essentielles et vitales. Ainsi l\u2019accroissement de l\u2019offre et le cadencement sera possible.<\/p>\n<p>Il sera urgent de rouvrir les lignes ferm\u00e9es r\u00e9clam\u00e9es par les auvergnats. Il sera n\u00e9cessaire aussi de revenir sur la r\u00e8gle de non financement des infrastructures ferroviaires LFDT par SNCF R\u00e9seau.<\/p>\n<p>Il faudra enfin que pour optimiser les d\u00e9penses, chaque AOM soit capable de contr\u00f4ler et de r\u00e9ceptionner les travaux effectu\u00e9s par SNCF R\u00e9seau \u00e0 l&rsquo;aide de l&rsquo;argent public.<br \/>\n<\/em>\n<\/p><\/blockquote>\n","protected":false},"excerpt":{"rendered":"<p>Alors que se d\u00e9roule durant tout le mois de mai Ambition France Transports, la conf\u00e9rence sur le financement<\/p>\n","protected":false},"author":1,"featured_media":5578,"comment_status":"closed","ping_status":"open","sticky":false,"template":"","format":"standard","meta":{"footnotes":""},"categories":[2],"tags":[],"class_list":["post-1203","post","type-post","status-publish","format-standard","has-post-thumbnail","hentry","category-infos"],"_links":{"self":[{"href":"https:\/\/usagers-transports.haut-allier.eu\/index.php\/wp-json\/wp\/v2\/posts\/1203","targetHints":{"allow":["GET"]}}],"collection":[{"href":"https:\/\/usagers-transports.haut-allier.eu\/index.php\/wp-json\/wp\/v2\/posts"}],"about":[{"href":"https:\/\/usagers-transports.haut-allier.eu\/index.php\/wp-json\/wp\/v2\/types\/post"}],"author":[{"embeddable":true,"href":"https:\/\/usagers-transports.haut-allier.eu\/index.php\/wp-json\/wp\/v2\/users\/1"}],"replies":[{"embeddable":true,"href":"https:\/\/usagers-transports.haut-allier.eu\/index.php\/wp-json\/wp\/v2\/comments?post=1203"}],"version-history":[{"count":0,"href":"https:\/\/usagers-transports.haut-allier.eu\/index.php\/wp-json\/wp\/v2\/posts\/1203\/revisions"}],"wp:featuredmedia":[{"embeddable":true,"href":"https:\/\/usagers-transports.haut-allier.eu\/index.php\/wp-json\/wp\/v2\/media\/5578"}],"wp:attachment":[{"href":"https:\/\/usagers-transports.haut-allier.eu\/index.php\/wp-json\/wp\/v2\/media?parent=1203"}],"wp:term":[{"taxonomy":"category","embeddable":true,"href":"https:\/\/usagers-transports.haut-allier.eu\/index.php\/wp-json\/wp\/v2\/categories?post=1203"},{"taxonomy":"post_tag","embeddable":true,"href":"https:\/\/usagers-transports.haut-allier.eu\/index.php\/wp-json\/wp\/v2\/tags?post=1203"}],"curies":[{"name":"wp","href":"https:\/\/api.w.org\/{rel}","templated":true}]}}