{"id":1204,"date":"2025-05-13T17:45:51","date_gmt":"2025-05-13T15:45:51","guid":{"rendered":"http:\/\/5.45.101.177\/haut-allier\/usagers-transportse\/index.php\/2025\/05\/13\/pour-un-service-de-trains-ter1204\/"},"modified":"2025-05-13T17:45:51","modified_gmt":"2025-05-13T15:45:51","slug":"pour-un-service-de-trains-ter1204","status":"publish","type":"post","link":"https:\/\/usagers-transports.haut-allier.eu\/index.php\/2025\/05\/13\/pour-un-service-de-trains-ter1204\/","title":{"rendered":"POUR UN SERVICE DE TRAINS TER AUVERGNAT CORRECT ET ADAPT\u00c9 A NOS BESOINS ! [P\u00e9tition]"},"content":{"rendered":"<p><strong>Pour signer c&rsquo;est \u00e0 la fin.<\/strong><\/p>\n<p>[jaune][fond noir]<strong>Notre demande c&rsquo;est quoi ?<\/strong>[\/fond noir][\/jaune]<\/p>\n<p>Des trains suffisamment dimensionn\u00e9s aux heures d&rsquo;affluence et CADENC\u00c9S AU  QUART D&rsquo;HEURE PR\u00c8S DES GRANDES VILLES ET \u00c0 L&rsquo;HEURE VERS LES REGIONS LIMITROPHES.<\/p>\n<p><strong>Si des \u00e9tudes sont men\u00e9es actuellement pour un RER Clermontois, rien ne fonctionnera avant 2032 au mieux.<\/strong><\/p>\n<p>C&rsquo;est inadmissible.<\/p>\n<p>Ces \u00e9tudes et ces d\u00e9lais veulent masquer le peu d&rsquo;int\u00e9r\u00eat de nos dirigeants pour le transport du quotidien en Auvergne, en reportant \u00e0 plus tard.<\/p>\n<p>[jaune][fond noir]<strong>Aucune pr\u00e9vision, on laisse en l&rsquo;\u00e9tat l&rsquo;existant.<\/strong>[\/fond noir][\/jaune]<\/p>\n<p>Que dire des liaisons internes \u00e0 la r\u00e9gion Clermont vers<\/p>\n<p>&#8211; Thiers avec 6 trains par jour, tous le soir !<br \/>\n&#8211; Le Puy-en-Velay 4 trains par jour !<br \/>\n&#8211; Volvic 6 trains par jour !<br \/>\n&#8211; Langeac 2 trains par jour !<br \/>\n&#8211; Moulins 13 TER par jour ah mais c&rsquo;est correct \u00e7a, oui car ils desservent&#8230;<br \/>\n&#8211; Vichy la ville de notre D\u00e9l\u00e9gu\u00e9 r\u00e9gional aux transports et Maire de la ville, m\u00eame nombre que Moulins&#8230;<br \/>\n&#8211; Montlu\u00e7on 6 trains par jour !<\/p>\n<p>Sans compter les liaisons entre m\u00e9tropoles et r\u00e9gions<\/p>\n<p>&#8211; vers Lyon 8 trains par jour !<br \/>\n&#8211; vers Brive \/ Bordeaux 0 train par jour<br \/>\n&#8211; vers Toulouse 1 train direct TER par jour !<br \/>\n&#8211; vers B\u00e9ziers 0 train TER par jour !<br \/>\n&#8211; vers Nimes 3 trains par jour quand les travaux de 4 mois seront finis !<br \/>\n&#8211; vers St Etienne 0 trains TER direct par jour que ce soit par Thiers ou par Roanne !<br \/>\n&#8211; vers Mende 0 trains TER par jour !<\/p>\n<p><em>(horaires consult\u00e9s le 13 mai pour une liaison depuis Clermont)<\/em><\/p>\n<p>[jaune][fond noir]Les manifestations n&rsquo;y changeront strictement rien, nos politiques les d\u00e9nigrent, une p\u00e9tition avec un nombre suffisant de signatures montrera la d\u00e9termination des usagers du massif central \u00e0 ne pas \u00eatre consid\u00e9r\u00e9s comme des sous citoyens.[\/fond noir][\/jaune]<\/p>\n<p>La p\u00e9tition sera remise physiquement au Pr\u00e9sident de la r\u00e9gion en charge des trains r\u00e9gionaux pour lui rappeler l&rsquo;insuffisance des moyens qu&rsquo;il met en \u0153uvre, avec SNCF.<\/p>\n<p><strong>Signons ensemble et partageons l&rsquo;image ci-dessous :<\/strong><\/p>\n<p><image3998|icone|center><\/p>\n<p>P\u00e9tition commune \u00e0 :<br \/>\n<a href=\"https:\/\/massif-central.nous-voyageurs.eu\">Nous Voyageurs ! Massif central<\/a><br \/>\n<a href=\"https:\/\/x.com\/usagersauvergne\">Collectif des Usagers du train en Auvergne<\/a><br \/>\n<a href=\"https:\/\/usagers-transports.haut-allier.eu\">Collectif des usagers des transports du haut Allier<\/a><\/p>\n<p>[fond noir][bleu azur]Vous remarquerez que nous n&rsquo;utilisons plus les plateformes de p\u00e9tition <em>Change.org<\/em> <em>MesOpinions<\/em> et autres soci\u00e9t\u00e9s qui volent et revendent les donn\u00e9es des signataires.[\/bleu azur][\/fond noir] <\/p>\n<p>[blanc][fond rouge]<strong>Comment \u00e7a marche ? On remplit les cases on envoie et on va regarder sa bo\u00eete \u00e0 mails pour confirmer.<\/strong>[\/fond rouge][\/blanc]<\/p>\n","protected":false},"excerpt":{"rendered":"<p>Pour signer c&rsquo;est \u00e0 la fin. [jaune][fond noir]Notre demande c&rsquo;est quoi ?[\/fond noir][\/jaune] Des trains suffisamment dimensionn\u00e9s aux<\/p>\n","protected":false},"author":1,"featured_media":5580,"comment_status":"closed","ping_status":"open","sticky":false,"template":"","format":"standard","meta":{"footnotes":""},"categories":[5],"tags":[],"class_list":["post-1204","post","type-post","status-publish","format-standard","has-post-thumbnail","hentry","category-ensemble"],"_links":{"self":[{"href":"https:\/\/usagers-transports.haut-allier.eu\/index.php\/wp-json\/wp\/v2\/posts\/1204","targetHints":{"allow":["GET"]}}],"collection":[{"href":"https:\/\/usagers-transports.haut-allier.eu\/index.php\/wp-json\/wp\/v2\/posts"}],"about":[{"href":"https:\/\/usagers-transports.haut-allier.eu\/index.php\/wp-json\/wp\/v2\/types\/post"}],"author":[{"embeddable":true,"href":"https:\/\/usagers-transports.haut-allier.eu\/index.php\/wp-json\/wp\/v2\/users\/1"}],"replies":[{"embeddable":true,"href":"https:\/\/usagers-transports.haut-allier.eu\/index.php\/wp-json\/wp\/v2\/comments?post=1204"}],"version-history":[{"count":0,"href":"https:\/\/usagers-transports.haut-allier.eu\/index.php\/wp-json\/wp\/v2\/posts\/1204\/revisions"}],"wp:featuredmedia":[{"embeddable":true,"href":"https:\/\/usagers-transports.haut-allier.eu\/index.php\/wp-json\/wp\/v2\/media\/5580"}],"wp:attachment":[{"href":"https:\/\/usagers-transports.haut-allier.eu\/index.php\/wp-json\/wp\/v2\/media?parent=1204"}],"wp:term":[{"taxonomy":"category","embeddable":true,"href":"https:\/\/usagers-transports.haut-allier.eu\/index.php\/wp-json\/wp\/v2\/categories?post=1204"},{"taxonomy":"post_tag","embeddable":true,"href":"https:\/\/usagers-transports.haut-allier.eu\/index.php\/wp-json\/wp\/v2\/tags?post=1204"}],"curies":[{"name":"wp","href":"https:\/\/api.w.org\/{rel}","templated":true}]}}