{"id":1205,"date":"2025-05-18T09:23:24","date_gmt":"2025-05-18T07:23:24","guid":{"rendered":"http:\/\/5.45.101.177\/haut-allier\/usagers-transportse\/index.php\/2025\/05\/18\/ligne-des-cevennes-en-1882-la-gare1205\/"},"modified":"2025-05-18T09:23:24","modified_gmt":"2025-05-18T07:23:24","slug":"ligne-des-cevennes-en-1882-la-gare1205","status":"publish","type":"post","link":"https:\/\/usagers-transports.haut-allier.eu\/index.php\/2025\/05\/18\/ligne-des-cevennes-en-1882-la-gare1205\/","title":{"rendered":"Ligne des C\u00e9vennes en 1882 : la gare de Chapeauroux (Loz\u00e8re)"},"content":{"rendered":"<p>Apr\u00e8s celle d&rsquo;Alleyras en 1898 publi\u00e9e ici en <a href=\"https:\/\/usagers-transports.haut-allier.eu\/?ligne-des-cevennes-le-plan-de-la,1158.html\"><em>novembre dernier<\/em><\/a>, voici le plan d\u00e9taill\u00e9 de celle de Chapeauroux (Loz\u00e8re) en 1882 toujours dans les gorges du haut Allier.<\/p>\n<p>Mise en service en 1870 par la Compagnie des chemins de fer de Paris \u00e0 Lyon et \u00e0 la M\u00e9diterran\u00e9e (PLM) d\u00e8s l\u2019inauguration de la ligne de Saint-Germain-des-Foss\u00e9s \u00e0 N\u00eemes-Courbessac dite du \u00ab train C\u00e9venol \u00bb.<\/p>\n<p>Chapeauroux se situe dans les gorges du haut Allier \u00e0 la limite des d\u00e9partements de Haute-Loire et de Loz\u00e8re et donc de deux r\u00e9gions Auvergne Rh\u00f4ne Alpes et Occitanie.<\/p>\n<p>Pour satisfaire les ferrophiles et les passion\u00e9s d&rsquo;histoire ferroviaire, un document exceptionnel retrouv\u00e9 dans ses archives par Jean-Marie Vedrenne, pr\u00e9sident de l\u2019association Vive le train C\u00e9venol !<\/p>\n<p>Cliquer pour agrandir.<\/p>\n<p>Montrant l&#8217;emplacement du plan, sera affich\u00e9e ensuite une photo satellite IGN de 2023.<\/p>\n<p>Puis une photographie d&rsquo;\u00e9poque de situation de la gare avec les nombreux b\u00e2timents disparus depuis. On notera que le pont sur l&rsquo;Allier au niveau de la gare n&rsquo;existe d\u00e9j\u00e0 plus.<\/p>\n<p>On terminera par une carte postale montrant quelques voyageurs en chapeau haut de forme sur le quai. <\/p>\n<p><image3999|center><\/p>\n<p><image4000|center><\/p>\n<p><image4001|center><\/p>\n<p><image4002|center><\/p>\n<p>Le site Vive le train C\u00e9venol ! a \u00e9galement publi\u00e9 une \u00e9tude \/ visite fouill\u00e9e du b\u00e2timent de levage des eaux permettant d&rsquo;alimenter les locomotives \u00e0 vapeur. Visible sur ce <a href=\"https:\/\/vivele.traincevenol.eu\/patrimoine-ferroviaire-visite-de-la-maison-de-levage-de-leau-gare-de-chapeauroux-lozere\/\"><em>lien<\/em><\/a>.<\/p>\n<p>Bonne exploration.<\/p>\n","protected":false},"excerpt":{"rendered":"<p>Apr\u00e8s celle d&rsquo;Alleyras en 1898 publi\u00e9e ici en novembre dernier, voici le plan d\u00e9taill\u00e9 de celle de Chapeauroux<\/p>\n","protected":false},"author":1,"featured_media":5581,"comment_status":"open","ping_status":"open","sticky":false,"template":"","format":"standard","meta":{"footnotes":""},"categories":[3],"tags":[],"class_list":["post-1205","post","type-post","status-publish","format-standard","has-post-thumbnail","hentry","category-en-train"],"_links":{"self":[{"href":"https:\/\/usagers-transports.haut-allier.eu\/index.php\/wp-json\/wp\/v2\/posts\/1205","targetHints":{"allow":["GET"]}}],"collection":[{"href":"https:\/\/usagers-transports.haut-allier.eu\/index.php\/wp-json\/wp\/v2\/posts"}],"about":[{"href":"https:\/\/usagers-transports.haut-allier.eu\/index.php\/wp-json\/wp\/v2\/types\/post"}],"author":[{"embeddable":true,"href":"https:\/\/usagers-transports.haut-allier.eu\/index.php\/wp-json\/wp\/v2\/users\/1"}],"replies":[{"embeddable":true,"href":"https:\/\/usagers-transports.haut-allier.eu\/index.php\/wp-json\/wp\/v2\/comments?post=1205"}],"version-history":[{"count":0,"href":"https:\/\/usagers-transports.haut-allier.eu\/index.php\/wp-json\/wp\/v2\/posts\/1205\/revisions"}],"wp:featuredmedia":[{"embeddable":true,"href":"https:\/\/usagers-transports.haut-allier.eu\/index.php\/wp-json\/wp\/v2\/media\/5581"}],"wp:attachment":[{"href":"https:\/\/usagers-transports.haut-allier.eu\/index.php\/wp-json\/wp\/v2\/media?parent=1205"}],"wp:term":[{"taxonomy":"category","embeddable":true,"href":"https:\/\/usagers-transports.haut-allier.eu\/index.php\/wp-json\/wp\/v2\/categories?post=1205"},{"taxonomy":"post_tag","embeddable":true,"href":"https:\/\/usagers-transports.haut-allier.eu\/index.php\/wp-json\/wp\/v2\/tags?post=1205"}],"curies":[{"name":"wp","href":"https:\/\/api.w.org\/{rel}","templated":true}]}}