{"id":1207,"date":"2025-05-27T06:31:33","date_gmt":"2025-05-27T04:31:33","guid":{"rendered":"http:\/\/5.45.101.177\/haut-allier\/usagers-transportse\/index.php\/2025\/05\/27\/en-sud-auvergne-devant-un-service1207\/"},"modified":"2025-05-27T06:31:33","modified_gmt":"2025-05-27T04:31:33","slug":"en-sud-auvergne-devant-un-service1207","status":"publish","type":"post","link":"https:\/\/usagers-transports.haut-allier.eu\/index.php\/2025\/05\/27\/en-sud-auvergne-devant-un-service1207\/","title":{"rendered":"En sud Auvergne devant un service TER cadav\u00e9rique, vive les bus !"},"content":{"rendered":"<p>Le Collectif Aurail vient de publier la carte de l&rsquo;<a href=\"https:\/\/aurail.eu\/2025\/05\/etat-de-la-desserte-en-trains-ter-en-auvergne-juin-2025\/\"><em>\u00e9tat du service de trains TER<\/em><\/a> en Auvergne. <\/p>\n<p>Le constat saute maintenant aux yeux : si vous habitez en dehors de l&rsquo;axe Brioude &#8211; Moulins vous \u00eates rel\u00e9gu\u00e9s en pays sous-d\u00e9velopp\u00e9 et soit la desserte TER est <strong>inexistante<\/strong> (au sud de la ligne Clermont Saint-Flour Saint-Ch\u00e9ly), soit elle est <strong>ultra minimale<\/strong> avec 3 AR par jour (ligne Clermont Le Puy, ligne Clermont Langogne), soit elle est <strong>insuffisante<\/strong> avec 5 \u00e0 6 AR par jour (ligne Clermont Aurillac, ligne Clermont Thiers, ligne Clermont Volvic).  <\/p>\n<p>La R\u00e9gion Auvergne Rh\u00f4ne Alpes a trouv\u00e9 la solution pour ne pas acheter de trains, elle les remplace quelquefois par des bus. Ainsi :<\/p>\n<p>&#8211; Le Puy Clermont o\u00f9 nous trouvons 12 bus contre 2 \u00e0 4 aller-retour en train selon les jours.<br \/>\n&#8211; Thiers Clermont o\u00f9 nous trouvons 20 bus (avec billet moins cher que le train) contre 2 \u00e0 8 aller-retour en train selon les jours (pour une meilleure lisibilit\u00e9 de l&rsquo;offre sans doute).<br \/>\n&#8211; Clermont Langeac c&rsquo;est 12 bus contre 3 aller-retour par train.<\/p>\n<p>A tel point que nous proposons que les gares de ces axes soient renomm\u00e9es \u00ab\u00a0arr\u00eats de bus\u00a0\u00bb. Ce serait plus simple pour les citoyens et certainement moins trompeur.<\/p>\n<p>Et bizarrement au nord de Clermont les bus disparaissent pour laisser place \u00e0 une desserte correcte. On remarquera aussi que sciemment la r\u00e9gion a dot\u00e9 Le Puy en Velay de 10 aller-retour en train vers Saint-Etienne et Lyon contre 3 seulement vers Clermont&#8230;<\/p>\n<p>Voici la carte de toute l&rsquo;Auvergne. Elle n&rsquo;a jamais \u00e9t\u00e9 publi\u00e9e par la r\u00e9gion et la SNCF, et pour cause. D\u00e9lectez vous.<\/p>\n<p><image4008|center><\/p>\n","protected":false},"excerpt":{"rendered":"<p>Le Collectif Aurail vient de publier la carte de l&rsquo;\u00e9tat du service de trains TER en Auvergne. Le<\/p>\n","protected":false},"author":1,"featured_media":5584,"comment_status":"open","ping_status":"open","sticky":false,"template":"","format":"standard","meta":{"footnotes":""},"categories":[3],"tags":[],"class_list":["post-1207","post","type-post","status-publish","format-standard","has-post-thumbnail","hentry","category-en-train"],"_links":{"self":[{"href":"https:\/\/usagers-transports.haut-allier.eu\/index.php\/wp-json\/wp\/v2\/posts\/1207","targetHints":{"allow":["GET"]}}],"collection":[{"href":"https:\/\/usagers-transports.haut-allier.eu\/index.php\/wp-json\/wp\/v2\/posts"}],"about":[{"href":"https:\/\/usagers-transports.haut-allier.eu\/index.php\/wp-json\/wp\/v2\/types\/post"}],"author":[{"embeddable":true,"href":"https:\/\/usagers-transports.haut-allier.eu\/index.php\/wp-json\/wp\/v2\/users\/1"}],"replies":[{"embeddable":true,"href":"https:\/\/usagers-transports.haut-allier.eu\/index.php\/wp-json\/wp\/v2\/comments?post=1207"}],"version-history":[{"count":0,"href":"https:\/\/usagers-transports.haut-allier.eu\/index.php\/wp-json\/wp\/v2\/posts\/1207\/revisions"}],"wp:featuredmedia":[{"embeddable":true,"href":"https:\/\/usagers-transports.haut-allier.eu\/index.php\/wp-json\/wp\/v2\/media\/5584"}],"wp:attachment":[{"href":"https:\/\/usagers-transports.haut-allier.eu\/index.php\/wp-json\/wp\/v2\/media?parent=1207"}],"wp:term":[{"taxonomy":"category","embeddable":true,"href":"https:\/\/usagers-transports.haut-allier.eu\/index.php\/wp-json\/wp\/v2\/categories?post=1207"},{"taxonomy":"post_tag","embeddable":true,"href":"https:\/\/usagers-transports.haut-allier.eu\/index.php\/wp-json\/wp\/v2\/tags?post=1207"}],"curies":[{"name":"wp","href":"https:\/\/api.w.org\/{rel}","templated":true}]}}