{"id":1208,"date":"2025-05-28T12:33:42","date_gmt":"2025-05-28T10:33:42","guid":{"rendered":"http:\/\/5.45.101.177\/haut-allier\/usagers-transportse\/index.php\/2025\/05\/28\/comite-technique-auvergne-du-271208\/"},"modified":"2026-09-01T16:11:07","modified_gmt":"2026-09-01T14:11:07","slug":"comite-technique-auvergne-du-271208","status":"publish","type":"post","link":"https:\/\/usagers-transports.haut-allier.eu\/index.php\/2025\/05\/28\/comite-technique-auvergne-du-271208\/","title":{"rendered":"Comit\u00e9 technique Auvergne du 27 mai entre la r\u00e9gion et les usagers"},"content":{"rendered":"La concertation usagers \/ r\u00e9gion Auvergne Rh\u00f4ne Alpes s&rsquo;est poursuivie avec le COTECH comit\u00e9 technique du territoire Auvergne \u00e0 Clermont-Ferrand le 27 mai.\n\nCe que nous avons appris en diapos alors que la participation c\u00f4t\u00e9 usagers \u00e9tait assez faible :\n\nD&rsquo;abord que l&rsquo;atelier technique de Clermont Br\u00e9zet qui est en construction sera charg\u00e9 de maintenir le parc d\u00e9di\u00e9 \u00e0 l&rsquo;Auvergne. Et donc par la m\u00eame nous apprenons la composition de ce parc qui sera allou\u00e9 \u00e0 notre territoire \u00e0 l&rsquo;\u00e9ch\u00e9ance mi 2026 :\n&#8211; 62 rames X73500\n&#8211; 12 rames R\u00e9giolis\n&#8211; 3 rames R\u00e9giolis hydrog\u00e8ne\n\n<image4009|center>\n\nConcernant la ligne des C\u00e9vennes : le programme des travaux 2026 \u00ab\u00a0est en cours de d\u00e9finition\u00a0\u00bb entre Langeac et Langogne. Les travaux annuels devraient s&rsquo;\u00e9tendre l&rsquo;an prochain entre le 23 f\u00e9vrier et le 30 avril, soit un peu plus de deux mois. Un progr\u00e8s \u00e0 noter s&rsquo;il y a confirmation de ce calendrier.\n\n<image4010|center>\n<image4014|center>\n\nNous avons insist\u00e9 sur notre demande de train du matin avant 11h entre La Bastide et Clermont : il nous est re-r\u00e9pondu que ce sera inscrit dans le cahier des charges de l&rsquo;appel d&rsquo;offres \u00e0 concurrence en 2029.\n\nConcernant la ligne Le Puy Saint-Etienne, nous notons un nouvel AR en train, qui remplace un bus&#8230;\n\n<image4012|center>\n\nC\u00f4t\u00e9 ligne Le Puy Clermont, quand on fait remarquer qu&rsquo;il y a 10 AR quotidien vers Saint-Etienne et seulement 3 AR vers Clermont avec une douzaine de BUS suppl\u00e9tifs par jour, il nous est r\u00e9pondu que la client\u00e8le ponote se tourne plus vers Lyon&#8230; Et quand on fait remarquer que pourquoi alors mettre 12 bus pour renforcer l&rsquo;offre en train squelletique&#8230; malaise et silence.\n\nC\u00f4t\u00e9 ligne des Causses, pareil : quand on fait remarquer que l&rsquo;offre TER entre Neussargues et St Ch\u00e9ly culmine \u00e0 Z\u00e9ro, l\u00e0 aussi \u00ab\u00a0C&rsquo;est pas pr\u00e9vu\u00a0\u00bb.\n\nC\u00f4t\u00e9 Aurillac, on va mettre des bus l&rsquo;hiver pour amener les parisiens arriv\u00e9s en train de nuit par Brives jusqu&rsquo;au Lioran et Murat. Super.\n\n<image4013|center>\n\nEnfin c\u00f4t\u00e9 \u00ab\u00a0\u00e9volutions pour 2026\u00a0\u00bb tout se passe entre Moulins et Aurillac. Rien ailleurs.\n\n<image4015|center>\n\nVoil\u00e0 ce qu&rsquo;on peut dire. En bref pas de r\u00e9volution, il nous a \u00e9t\u00e9 dit que l&rsquo;uniformisation du parc auvergnat en X73500 d\u00e9gagerait quelques rames suppl\u00e9mentaires. Peut-\u00eatre pour les trains que nous demandons ? On peut r\u00eaver.\n\nNous vous rappelons notre <a href=\"https:\/\/usagers-transports.haut-allier.eu\/?en-sud-auvergne-devant-un-service,1207.html\"><em>bilan \u00ab\u00a0auvergnat\u00a0\u00bb<\/em><\/a> sur le service TER publi\u00e9 il y a peu. Il est tr\u00e8s parlant.\n\n<p>&nbsp;<\/p>\n\n\t<figure class=\"wp-block-gallery columns-1 is-cropped wp-block-gallery-1 is-layout-flex wp-block-gallery-is-layout-flex\">\n\t\t<ul class=\"blocks-gallery-grid\">\n\t\t\t<li class=\"blocks-gallery-item\">\n\t\t\t\t<figure>\n\t\t\t\t\t\t\t\t\t\t\t<img loading=\"lazy\" decoding=\"async\" width=\"2000\" height=\"1118\" src=\"http:\/\/5.45.101.177\/haut-allier\/usagers-transportse\/wp-content\/uploads\/2025\/05\/2000-img_20250527_153818.jpg\"\n\t\t\t\t\t\t alt=\"2000-img_20250527_153818.jpg\"\n\t\t\t\t\t\t data-id=\"5586\"\n\t\t\t\t\t\t data-full-url=\"http:\/\/5.45.101.177\/haut-allier\/usagers-transportse\/wp-content\/uploads\/2025\/05\/2000-img_20250527_153818.jpg\"\n\t\t\t\t\t\t data-link=\"http:\/\/5.45.101.177\/haut-allier\/usagers-transportse\/attachment-2000-img_20250527_153818-jpg\/\"\n\t\t\t\t\t\t class=\"wp-image-5586\" srcset=\"https:\/\/usagers-transports.haut-allier.eu\/wp-content\/uploads\/2025\/05\/2000-img_20250527_153818.jpg 2000w, https:\/\/usagers-transports.haut-allier.eu\/wp-content\/uploads\/2025\/05\/2000-img_20250527_153818-300x168.jpg 300w, https:\/\/usagers-transports.haut-allier.eu\/wp-content\/uploads\/2025\/05\/2000-img_20250527_153818-1024x572.jpg 1024w, https:\/\/usagers-transports.haut-allier.eu\/wp-content\/uploads\/2025\/05\/2000-img_20250527_153818-768x429.jpg 768w, https:\/\/usagers-transports.haut-allier.eu\/wp-content\/uploads\/2025\/05\/2000-img_20250527_153818-1536x859.jpg 1536w\" sizes=\"auto, (max-width: 2000px) 100vw, 2000px\" \/>\n\t\t\t\t<\/figure>\n\t\t\t<\/li>\n\t\t<\/ul>\n\t<\/figure>\n","protected":false},"excerpt":{"rendered":"<p>La concertation usagers \/ r\u00e9gion Auvergne Rh\u00f4ne Alpes s&rsquo;est poursuivie avec le COTECH comit\u00e9 technique du territoire Auvergne<\/p>\n","protected":false},"author":1,"featured_media":5585,"comment_status":"closed","ping_status":"open","sticky":false,"template":"","format":"standard","meta":{"footnotes":""},"categories":[2],"tags":[],"class_list":["post-1208","post","type-post","status-publish","format-standard","has-post-thumbnail","hentry","category-infos"],"_links":{"self":[{"href":"https:\/\/usagers-transports.haut-allier.eu\/index.php\/wp-json\/wp\/v2\/posts\/1208","targetHints":{"allow":["GET"]}}],"collection":[{"href":"https:\/\/usagers-transports.haut-allier.eu\/index.php\/wp-json\/wp\/v2\/posts"}],"about":[{"href":"https:\/\/usagers-transports.haut-allier.eu\/index.php\/wp-json\/wp\/v2\/types\/post"}],"author":[{"embeddable":true,"href":"https:\/\/usagers-transports.haut-allier.eu\/index.php\/wp-json\/wp\/v2\/users\/1"}],"replies":[{"embeddable":true,"href":"https:\/\/usagers-transports.haut-allier.eu\/index.php\/wp-json\/wp\/v2\/comments?post=1208"}],"version-history":[{"count":1,"href":"https:\/\/usagers-transports.haut-allier.eu\/index.php\/wp-json\/wp\/v2\/posts\/1208\/revisions"}],"predecessor-version":[{"id":5587,"href":"https:\/\/usagers-transports.haut-allier.eu\/index.php\/wp-json\/wp\/v2\/posts\/1208\/revisions\/5587"}],"wp:featuredmedia":[{"embeddable":true,"href":"https:\/\/usagers-transports.haut-allier.eu\/index.php\/wp-json\/wp\/v2\/media\/5585"}],"wp:attachment":[{"href":"https:\/\/usagers-transports.haut-allier.eu\/index.php\/wp-json\/wp\/v2\/media?parent=1208"}],"wp:term":[{"taxonomy":"category","embeddable":true,"href":"https:\/\/usagers-transports.haut-allier.eu\/index.php\/wp-json\/wp\/v2\/categories?post=1208"},{"taxonomy":"post_tag","embeddable":true,"href":"https:\/\/usagers-transports.haut-allier.eu\/index.php\/wp-json\/wp\/v2\/tags?post=1208"}],"curies":[{"name":"wp","href":"https:\/\/api.w.org\/{rel}","templated":true}]}}