{"id":1209,"date":"2025-06-05T11:08:58","date_gmt":"2025-06-05T09:08:58","guid":{"rendered":"http:\/\/5.45.101.177\/haut-allier\/usagers-transportse\/index.php\/2025\/06\/05\/la-ligne-ter-nimes-le-grau-du-roi1209\/"},"modified":"2025-06-05T11:08:58","modified_gmt":"2025-06-05T09:08:58","slug":"la-ligne-ter-nimes-le-grau-du-roi1209","status":"publish","type":"post","link":"https:\/\/usagers-transports.haut-allier.eu\/index.php\/2025\/06\/05\/la-ligne-ter-nimes-le-grau-du-roi1209\/","title":{"rendered":"A partir du 7 juin et tout l&rsquo;\u00e9t\u00e9 la ligne TER N\u00eemes &#8211; le Grau du Roi en r\u00e9servation obligatoire !"},"content":{"rendered":"<p>Elle est le prolongement presque naturel de la ligne des C\u00e9vennes, cet \u00e9t\u00e9 du 7 juin au 31 ao\u00fbt la ligne \u00e0 1 euro (lou\u00e9 soit la r\u00e9gion Occitanie) ne sera accessible qu&rsquo;en r\u00e9servant sa place sur les sites r\u00e9gionaux ou SNCF. Une fa\u00e7on d\u00e9tourn\u00e9e pour la SNCF LiO de limiter son acc\u00e8s aux premiers r\u00e9servants et d&rsquo;avouer son \u00e9chec de proposer plus de trains. Les sites de r\u00e9servation afficheront bien entendu le fameux <strong> <em>\u00ab\u00a0Train complet\u00a0\u00bb<\/em> <\/strong>. Les autres prendront leur voiture ou se d\u00e9brouilleront autrement. On en est l\u00e0 dans le transport public.<\/p>\n<p>Voil\u00e0 la -mauvaise- nouvelle diffus\u00e9e hier par un communiqu\u00e9 de presse assez discret, introuvable sur leur site, de SNCF LiO. Etonnant de la part d&rsquo;une r\u00e9gion dont la pr\u00e9sidente l&rsquo;est aussi pour l&rsquo;association des R\u00e9gions de France qui s&rsquo;\u00e9tait empress\u00e9e de r\u00e9pondre \u00e0 la mise en garde du R\u00e9seau europ\u00e9en #enTrain l&rsquo;\u00e9t\u00e9 dernier par un communiqu\u00e9 dont  le titre \u00e9tait :<br \/>\n<em>\u00ab\u00a0R\u00e9servation obligatoire des trains express r\u00e9gionaux : un d\u00e9bat sans fondement\u00a0\u00bb<\/em><br \/>\n&#8230; et qui avait bott\u00e9 en touche en renvoyant au gouvernement :<br \/>\n<em>\u00ab\u00a0Elles [les r\u00e9gions] attendent dor\u00e9navant la concr\u00e9tisation des promesses d\u2019engagements des pr\u00e9c\u00e9dents Gouvernements pour une \u00ab nouvelle donne ferroviaire \u00bb et l\u2019inscription budg\u00e9taire pluriannuelle des \u00ab 100 milliards d\u2019euros \u00bb \u00e9voqu\u00e9s d\u2019ici \u00e0 2040.\u00a0\u00bb<\/em><\/p>\n<p>On pourra lire l&rsquo;\u00e9pop\u00e9e sur le site du R\u00e9seau #enTrain qui avait alert\u00e9 l&rsquo;an dernier : <\/p>\n<p>&#8211; <a href=\"https:\/\/reseauentrain.eu\/larrivee-de-la-reservation-obligatoire-dans-les-ter-une-logique-contraire-a-linteret-du-voyageur-et-au-service-public\/\">L&rsquo;arriv\u00e9e de la r\u00e9servation obligatoire dans les TER une logique contraire \u00e0 l&rsquo;int\u00e9r\u00eat du voyageur et au service public<\/a><br \/>\n&#8211; <a href=\"https:\/\/reseauentrain.eu\/reservation-obligatoire-dans-les-ter-la-reponse-ecrite-de-sncf\/\">La r\u00e9ponse \u00e9crite de SNCF<\/a><br \/>\n&#8211; <a href=\"https:\/\/reseauentrain.eu\/reservation-obligatoire-sur-des-ter-lassociation-reseau-europeen-entrain-reagit-a-la-reponse-de-la-sncf\/\">Le r\u00e9seau europ\u00e9en #enTrain r\u00e9agit \u00e0 la r\u00e9ponse de la SNCF<\/a><\/p>\n<p>En attendant les protestations des organisations d&rsquo;usagers et nous adressons ce jour une lettre \u00e0 SNCF Occitanie, voici les horaires de cette ligne pour l&rsquo;\u00e9t\u00e9, vous pouvez tenter votre chance, premiers arriv\u00e9s, premiers servis :<\/p>\n<p><image4016|center><\/p>\n<p>Comme le faisait justement remarquer hier un ferrophile patent\u00e9 : <em>\u00ab\u00a0S&rsquo;il faut r\u00e9server des jours \u00e0 l&rsquo;avance, il faudra avoir le don de clairvoyance pour pr\u00e9voir si on aura envie d&rsquo;aller se baigner, ce jour l\u00e0, s&rsquo;il fera beau, si untel ou unetelle sera disponible pour nous accompagner, &#8230;etc. Bref, prendre un avion low-cost pour aller aux Bal\u00e9ares ne sera pas plus compliqu\u00e9 ! Et prendre sa voiture pour aller se baigner sera beaucoup plus simple, et tant pis pour les bouchons !\u00a0\u00bb<\/em><\/p>\n<p>Aujourd&rsquo;hui, jeudi, la nouvelle n&rsquo;\u00e9tant pas encore diffus\u00e9e, il y a encore des places pour samedi, le premier jour de r\u00e9servation obligatoire, dans les 3 (!) TER du samedi :<\/p>\n<p><image4017|center> <\/p>\n","protected":false},"excerpt":{"rendered":"<p>Elle est le prolongement presque naturel de la ligne des C\u00e9vennes, cet \u00e9t\u00e9 du 7 juin au 31<\/p>\n","protected":false},"author":1,"featured_media":5588,"comment_status":"closed","ping_status":"open","sticky":false,"template":"","format":"standard","meta":{"footnotes":""},"categories":[5],"tags":[],"class_list":["post-1209","post","type-post","status-publish","format-standard","has-post-thumbnail","hentry","category-ensemble"],"_links":{"self":[{"href":"https:\/\/usagers-transports.haut-allier.eu\/index.php\/wp-json\/wp\/v2\/posts\/1209","targetHints":{"allow":["GET"]}}],"collection":[{"href":"https:\/\/usagers-transports.haut-allier.eu\/index.php\/wp-json\/wp\/v2\/posts"}],"about":[{"href":"https:\/\/usagers-transports.haut-allier.eu\/index.php\/wp-json\/wp\/v2\/types\/post"}],"author":[{"embeddable":true,"href":"https:\/\/usagers-transports.haut-allier.eu\/index.php\/wp-json\/wp\/v2\/users\/1"}],"replies":[{"embeddable":true,"href":"https:\/\/usagers-transports.haut-allier.eu\/index.php\/wp-json\/wp\/v2\/comments?post=1209"}],"version-history":[{"count":0,"href":"https:\/\/usagers-transports.haut-allier.eu\/index.php\/wp-json\/wp\/v2\/posts\/1209\/revisions"}],"wp:featuredmedia":[{"embeddable":true,"href":"https:\/\/usagers-transports.haut-allier.eu\/index.php\/wp-json\/wp\/v2\/media\/5588"}],"wp:attachment":[{"href":"https:\/\/usagers-transports.haut-allier.eu\/index.php\/wp-json\/wp\/v2\/media?parent=1209"}],"wp:term":[{"taxonomy":"category","embeddable":true,"href":"https:\/\/usagers-transports.haut-allier.eu\/index.php\/wp-json\/wp\/v2\/categories?post=1209"},{"taxonomy":"post_tag","embeddable":true,"href":"https:\/\/usagers-transports.haut-allier.eu\/index.php\/wp-json\/wp\/v2\/tags?post=1209"}],"curies":[{"name":"wp","href":"https:\/\/api.w.org\/{rel}","templated":true}]}}