{"id":121,"date":"2014-03-03T17:37:15","date_gmt":"2014-03-03T16:37:15","guid":{"rendered":"http:\/\/5.45.101.177\/haut-allier\/usagers-transportse\/index.php\/2014\/03\/03\/deneigement-routier-alleyras-le121\/"},"modified":"2014-03-03T17:37:15","modified_gmt":"2014-03-03T16:37:15","slug":"deneigement-routier-alleyras-le121","status":"publish","type":"post","link":"https:\/\/usagers-transports.haut-allier.eu\/index.php\/2014\/03\/03\/deneigement-routier-alleyras-le121\/","title":{"rendered":"D\u00e9neigement routier Alleyras &#8211; Le Puy : le d\u00e9partement r\u00e9pond et fait une proposition pour 2014\/2015"},"content":{"rendered":"<p>Suite \u00e0 notre requ\u00eate (<a href=\"http:\/\/usagers-transports.haut-allier.eu\/spip.php?article103\">article du 6 f\u00e9vrier<\/a>) et peut-\u00eatre un peu \u00e0 notre ultimatum du 28 f\u00e9vrier le Conseil G\u00e9n\u00e9ral de Haute Loire nous r\u00e9pond positivement, puisqu&rsquo;il dit \u00eatre d&rsquo;accord pour modifier le parcours des chasses-neiges \u00e0 partir de l&rsquo;hiver prochain sous r\u00e9serve que les autres hameaux desservis ne s&rsquo;y opposent pas.<br \/>\n&nbsp;<br \/>\nIl serait bon que chacun donne son avis \u00e0 la suite de cet article dans le forum.<br \/>\n&nbsp;<br \/>\nVoici la lettre de Sandrine MOULIN, Directrice adjointe des Services Techniques que nous remercions pour son \u00e9coute :<br \/>\n&nbsp;<\/p>\n<p>[(<br \/>\n<em><br \/>\n3 Mars 2014, 13h31.<br \/>\n&nbsp;<br \/>\nMadame, Monsieur,<br \/>\n&nbsp;<br \/>\nVous nous avez saisi \u00e0 diverses reprises par couriels afin de nous faire part de vos difficult\u00e9s \u00e0 circuler dans le cadre des conditions hivernales sur le r\u00e9seau d\u00e9partemental. Ainsi, lors des intemp\u00e9ries hivernales, vous souhaitez que l&rsquo;itin\u00e9raire d\u00e9neig\u00e9 pour l&rsquo;acc\u00e8s au bassin du Puy en Velay des habitants d&rsquo;Alleyras soit constitu\u00e9 des RD33, RD34, et RD589 via Saint Jean Lachamp alors que l&rsquo;itin\u00e9raire trait\u00e9 actuellement en priorit\u00e9 est constitu\u00e9 de la RD33 via Cayres et le col de Trespeux.<br \/>\n&nbsp;<br \/>\nEn effet, dans le cadre de nos interventions de salage et de d\u00e9neigement, les r\u00e9seaux dits structurants sont trait\u00e9s de fa\u00e7on prioritaire, ce qui est le cas de la RD33 class\u00e9e en cat\u00e9gorie 1B mais pas de la RD34 class\u00e9e en r\u00e9seau 2A qui est trait\u00e9e aujourd&rsquo;hui en dernier lieu dans le cadre du circuit local.<br \/>\n&nbsp;<br \/>\nN\u00e9anmoins, votre demande est compr\u00e9hensible dans la mesure o\u00f9 le Col de Trespeux est en effet parfois difficile \u00e0 d\u00e9neiger. Le traitement du secteur \u00e9tant effectu\u00e9 par notre centre op\u00e9rationnel de Cayres, il est possible pour nos services d&rsquo;\u00e9tudier des modifications \u00e0 l&rsquo;ordre de traitement de ces sections mais au d\u00e9triment d&rsquo;autres habitants qui peut-\u00eatre sont moins sensibles que vous aux al\u00e9as climatiques. Une concertation est donc n\u00e9cessaire pour la proposition suivante en vue des interventions pour l&rsquo;hiver prochain :<br \/>\n&nbsp;<br \/>\n&#8211; d&rsquo;abord traiter la RD33 entre Cayres et Le Villard<br \/>\n&#8211; ensuite traiter la RD34 entre Le Villard et Saint Jean Lachamp (section trait\u00e9e en dernier dans l&rsquo;organisation actuelle)<br \/>\n&#8211; ensuite revenir traiter la RD33 vers Alleyras et la RD40 vers Saint Haon.<br \/>\nBien entendu, votre opinion sur cette proposition nous int\u00e9resse.<\/p>\n<p>&nbsp;<br \/>\nAvec nos excuses pour notre retard \u00e0 vous r\u00e9pondre mais vous comprendrez ais\u00e9ment que ce type de proposition ne pouvait \u00eatre faite sans un certain recul. De plus, sa mise en oeuvre l&rsquo;hiver prochain sera conditionn\u00e9e par l&rsquo;opposition possible d&rsquo;autres usagers porteurs d&rsquo;un point de vue diff\u00e9rent du v\u00f4tre.<br \/>\n&nbsp;<br \/>\nJe vous prie d&rsquo;agr\u00e9er, Madame, Monsieur, mes salutations distingu\u00e9es.<br \/>\n<\/em><br \/>\n)]<br \/>\n&nbsp;<br \/>\nDe notre c\u00f4t\u00e9 nous pensons que la proposition de crochet de 6 kms (3 kms aller retour) Le Villard &#8211; Saint-Jean Lachalm vaut le coup, m\u00eame effectu\u00e9 avant la section partant du croisement du Villard \u00e0 Alleyras. Qu&rsquo;en dites-vous ?<br \/>\n&nbsp;<br \/>\n<img loading=\"lazy\" decoding=\"async\" class=\" aligncenter size-full wp-image-1606\" src=\"http:\/\/5.45.101.177\/haut-allier\/usagers-transportse\/wp-content\/uploads\/2014\/03\/hierarchisation-routes-haute-loire-ii.jpg\" alt=\"hierarchisation-routes-haute-loire-ii.jpg\" align=\"center\" width=\"357\" height=\"293\" srcset=\"https:\/\/usagers-transports.haut-allier.eu\/wp-content\/uploads\/2014\/03\/hierarchisation-routes-haute-loire-ii.jpg 357w, https:\/\/usagers-transports.haut-allier.eu\/wp-content\/uploads\/2014\/03\/hierarchisation-routes-haute-loire-ii-300x246.jpg 300w\" sizes=\"auto, (max-width: 357px) 100vw, 357px\" \/><br \/>\n<em>Ci-dessus l&rsquo;ordre de d\u00e9neigement propos\u00e9 par le conseil g\u00e9n\u00e9ral<\/em><\/p>\n","protected":false},"excerpt":{"rendered":"<p>Suite \u00e0 notre requ\u00eate (article du 6 f\u00e9vrier) et peut-\u00eatre un peu \u00e0 notre ultimatum du 28 f\u00e9vrier<\/p>\n","protected":false},"author":1,"featured_media":1605,"comment_status":"closed","ping_status":"open","sticky":false,"template":"","format":"standard","meta":{"footnotes":""},"categories":[2],"tags":[],"class_list":["post-121","post","type-post","status-publish","format-standard","has-post-thumbnail","hentry","category-infos"],"_links":{"self":[{"href":"https:\/\/usagers-transports.haut-allier.eu\/index.php\/wp-json\/wp\/v2\/posts\/121","targetHints":{"allow":["GET"]}}],"collection":[{"href":"https:\/\/usagers-transports.haut-allier.eu\/index.php\/wp-json\/wp\/v2\/posts"}],"about":[{"href":"https:\/\/usagers-transports.haut-allier.eu\/index.php\/wp-json\/wp\/v2\/types\/post"}],"author":[{"embeddable":true,"href":"https:\/\/usagers-transports.haut-allier.eu\/index.php\/wp-json\/wp\/v2\/users\/1"}],"replies":[{"embeddable":true,"href":"https:\/\/usagers-transports.haut-allier.eu\/index.php\/wp-json\/wp\/v2\/comments?post=121"}],"version-history":[{"count":0,"href":"https:\/\/usagers-transports.haut-allier.eu\/index.php\/wp-json\/wp\/v2\/posts\/121\/revisions"}],"wp:featuredmedia":[{"embeddable":true,"href":"https:\/\/usagers-transports.haut-allier.eu\/index.php\/wp-json\/wp\/v2\/media\/1605"}],"wp:attachment":[{"href":"https:\/\/usagers-transports.haut-allier.eu\/index.php\/wp-json\/wp\/v2\/media?parent=121"}],"wp:term":[{"taxonomy":"category","embeddable":true,"href":"https:\/\/usagers-transports.haut-allier.eu\/index.php\/wp-json\/wp\/v2\/categories?post=121"},{"taxonomy":"post_tag","embeddable":true,"href":"https:\/\/usagers-transports.haut-allier.eu\/index.php\/wp-json\/wp\/v2\/tags?post=121"}],"curies":[{"name":"wp","href":"https:\/\/api.w.org\/{rel}","templated":true}]}}