{"id":1210,"date":"2025-06-12T19:39:12","date_gmt":"2025-06-12T17:39:12","guid":{"rendered":"http:\/\/5.45.101.177\/haut-allier\/usagers-transportse\/index.php\/2025\/06\/12\/ligne-transcevenole-le-22-juin-les1210\/"},"modified":"2025-06-12T19:39:12","modified_gmt":"2025-06-12T17:39:12","slug":"ligne-transcevenole-le-22-juin-les1210","status":"publish","type":"post","link":"https:\/\/usagers-transports.haut-allier.eu\/index.php\/2025\/06\/12\/ligne-transcevenole-le-22-juin-les1210\/","title":{"rendered":"Ligne Transc\u00e9venole le 22 juin : les 100 ans du viaduc de la Roucoum\u00e8ne"},"content":{"rendered":"<p>Le viaduc de la Recoum\u00e8ne est un pont ferroviaire construit de 1921 \u00e0 1925 pour la ligne de chemin de fer dite \u00ab la transc\u00e9venole \u00bb qui devait relier le Puy en Velay (Haute-Loire) \u00e0 Aubenas (Ard\u00e8che). Cette ligne n&rsquo;ayant pas \u00e9t\u00e9 achev\u00e9e, le viaduc n&rsquo;a jamais \u00e9t\u00e9 mis en service et n&rsquo;a jamais vu passer de train.<\/p>\n<p>Il est situ\u00e9 dans la Haute-Loire, pr\u00e8s du Monastier-sur-Gazeille, centre touristique rendu c\u00e9l\u00e8bre par Robert-Louis Stevenson. Il franchit la Gazeille, petit affluent de la Loire descendant du mont M\u00e9zenc, et la route d\u00e9partementale 535 qui relie le Puy \u00e0 Privas. D&rsquo;apr\u00e8s le cadastre napol\u00e9onien le cours d&rsquo;eau la Gazeille s&rsquo;appelait autrefois La Ricom\u00e8ne. Ce nom a servi \u00e0 l&rsquo;\u00e9poque pour la d\u00e9signation de ce viaduc.<\/p>\n<p>Et donc on f\u00eate ses 100 ans le dimanche 22 juin prochain. Voici le programme de 10h \u00e0 18h :<\/p>\n<p>&#8211; promenade en petit train,<br \/>\n&#8211; de 11h \u00e0 12h Harmonie St Chaffre<br \/>\n&#8211; de 12h \u00e0 18h : Yannick Thierry, accord\u00e9oniste)<br \/>\n&#8211; tyroliennes<br \/>\n&#8211; exposition<br \/>\n&#8211; d\u00e9monstration et initiation \u00e0 la slackline&#8230; <\/p>\n<p>Possibilit\u00e9 de repas sur place (15\u20ac) ou de petite restauration (buvette &#038; cr\u00eapes).<\/p>\n<p>L&rsquo;\u00e9v\u00e8nement est organis\u00e9 par la commune et l&rsquo;association La Transc\u00e9venole, en collaboration avec Liberty Cable, le Comit\u00e9 des Jeunes, les \u00e9coles publiques et l&rsquo;APEL St Dominique.<\/p>\n<p>Stationnement au village fortement conseill\u00e9.<\/p>\n<p><image4018|center><br \/>\n<image4019|center><\/p>\n<p>Un petit retour sur la construction du viaduc (photo des Archives d\u00e9partementales de la Haute-Loire) (cliquer pour agrandir) :<\/p>\n<p><image4020|center><\/p>\n","protected":false},"excerpt":{"rendered":"<p>Le viaduc de la Recoum\u00e8ne est un pont ferroviaire construit de 1921 \u00e0 1925 pour la ligne de<\/p>\n","protected":false},"author":1,"featured_media":5589,"comment_status":"closed","ping_status":"open","sticky":false,"template":"","format":"standard","meta":{"footnotes":""},"categories":[3],"tags":[],"class_list":["post-1210","post","type-post","status-publish","format-standard","has-post-thumbnail","hentry","category-en-train"],"_links":{"self":[{"href":"https:\/\/usagers-transports.haut-allier.eu\/index.php\/wp-json\/wp\/v2\/posts\/1210","targetHints":{"allow":["GET"]}}],"collection":[{"href":"https:\/\/usagers-transports.haut-allier.eu\/index.php\/wp-json\/wp\/v2\/posts"}],"about":[{"href":"https:\/\/usagers-transports.haut-allier.eu\/index.php\/wp-json\/wp\/v2\/types\/post"}],"author":[{"embeddable":true,"href":"https:\/\/usagers-transports.haut-allier.eu\/index.php\/wp-json\/wp\/v2\/users\/1"}],"replies":[{"embeddable":true,"href":"https:\/\/usagers-transports.haut-allier.eu\/index.php\/wp-json\/wp\/v2\/comments?post=1210"}],"version-history":[{"count":0,"href":"https:\/\/usagers-transports.haut-allier.eu\/index.php\/wp-json\/wp\/v2\/posts\/1210\/revisions"}],"wp:featuredmedia":[{"embeddable":true,"href":"https:\/\/usagers-transports.haut-allier.eu\/index.php\/wp-json\/wp\/v2\/media\/5589"}],"wp:attachment":[{"href":"https:\/\/usagers-transports.haut-allier.eu\/index.php\/wp-json\/wp\/v2\/media?parent=1210"}],"wp:term":[{"taxonomy":"category","embeddable":true,"href":"https:\/\/usagers-transports.haut-allier.eu\/index.php\/wp-json\/wp\/v2\/categories?post=1210"},{"taxonomy":"post_tag","embeddable":true,"href":"https:\/\/usagers-transports.haut-allier.eu\/index.php\/wp-json\/wp\/v2\/tags?post=1210"}],"curies":[{"name":"wp","href":"https:\/\/api.w.org\/{rel}","templated":true}]}}