{"id":1212,"date":"2025-06-12T23:07:57","date_gmt":"2025-06-12T21:07:57","guid":{"rendered":"http:\/\/5.45.101.177\/haut-allier\/usagers-transportse\/index.php\/2025\/06\/12\/22-juin-reouverture-de-montrejeau1212\/"},"modified":"2025-06-12T23:07:57","modified_gmt":"2025-06-12T21:07:57","slug":"22-juin-reouverture-de-montrejeau1212","status":"publish","type":"post","link":"https:\/\/usagers-transports.haut-allier.eu\/index.php\/2025\/06\/12\/22-juin-reouverture-de-montrejeau1212\/","title":{"rendered":"22 juin : r\u00e9ouverture de Montr\u00e9jeau &#8211; Luchon par la r\u00e9gion Occitanie"},"content":{"rendered":"<p>Une des promesses faites lors des Etats g\u00e9n\u00e9raux du rail et de l&rsquo;intermodalit\u00e9 en 2016 par cette r\u00e9gion dirig\u00e9e par Carole Delga et dont le Vice-pr\u00e9sident charg\u00e9 des transports est Jean-Luc Gibelin.<\/p>\n<p>Apr\u00e8s l&rsquo;ouverture de la partie occitane de la rive droite du Rh\u00f4ne aux voyageurs en 2022, c&rsquo;est au tour de cette ligne des Pyr\u00e9n\u00e9es et, premi\u00e8re absolue, dans une gestion enti\u00e8rement r\u00e9gion. <\/p>\n<p><image4026|center><\/p>\n<p>Intitul\u00e9e \u00ab\u00a0Un dimanche \u00e0 la montagne\u00a0\u00bb les 6 aller retours quotidiens seront complets ou presque, ildoit rester quelques places \u00e0 0 euros, car le trajet est gratuit pour l&rsquo;occasion. La r\u00e9servation est obligatoire sur :<\/p>\n<p><a href=\"https:\/\/www.ter.sncf.com\/occitanie\/tarifs-cartes\/bons-plans\/un-dimanche-a-la-montagne\">https:\/\/www.ter.sncf.com\/occitanie\/tarifs-cartes\/bons-plans\/un-dimanche-a-la-montagne<\/a><\/p>\n<p><strong>Le programme de la journ\u00e9e :<br \/>\n<\/strong><\/p>\n<p>&#8211; A partir de 11h30 en gare de Luchon :<br \/>\nD\u00e9monstration des guides \u00e0 cheval et du Quadrille<br \/>\nMoment convivial autour de d\u00e9gustation de produits r\u00e9gionaux et d\u2019animations musicales (Les fils de Luchon ; la Fanfare Luchonnaise) : producteurs \u00ab Sud de France \u00bb, la brasserie du V\u00e9nasque et la confr\u00e9rie des Tastos Mounjetos seront l\u00e0 pour vous r\u00e9galer.<\/p>\n<p>&#8211; A partir de 13h30, remont\u00e9e sur les all\u00e9es d\u2019Etigny en musique pour continuer la f\u00eate sur les all\u00e9es d\u2019Etigny : les restaurateurs luchonnais vous proposeront des menus \u00ab sp\u00e9cial r\u00e9ouverture \u00bb dans toute la ville.<\/p>\n<p>&#8211; De nombreux producteurs \u00ab Fabriqu\u00e9 en Occitanie \u00bb seront pr\u00e9sents, place du Mar\u00e9chal Joffre et \u00e0 15h30, grand spectacle de rue ambulatoire de la compagnie TICOTACAM m\u00ealant danse et musique.<\/p>\n<p>&#8211; 16h30 concert exceptionnel d\u2019Andr\u00e9 Manoukian et de son percussionniste Mosin Kawa, au kiosque musical face aux thermes<\/p>\n<p><image4023|center><\/p>\n<p>Le programme en PDF :<\/p>\n<p><a href=\"http:\/\/5.45.101.177\/haut-allier\/usagers-transportse\/wp-content\/uploads\/2025\/06\/infotravauxmontrejeauluchon.pdf\">infotravauxmontrejeauluchon.pdf<\/a><\/p>\n<p>Le site web de l&rsquo;\u00e9v\u00e9nement :<\/p>\n<p><a href=\"https:\/\/www.laregion.fr\/Avant-premiere-Reouverture-aux-voyageurs-de-la-ligne-de-montagne-Montrejeau-Luchon\">https:\/\/www.laregion.fr\/Avant-premiere-Reouverture-aux-voyageurs-de-la-ligne-de-montagne-Montrejeau-Luchon<\/a><\/p>\n<p>Bravo \u00e0 la constance de la r\u00e9gion Occitanie. Et si certaines r\u00e9ouvertures et certains travaux sur les infrastructures ont \u00e9t\u00e9 repouss\u00e9s, la faute en est bien \u00e0 l&rsquo;Etat qui a diminu\u00e9 dans de grosses proportions ses aides. Pour information, ce dernier vient de d\u00e9clarer ne pas pouvoir garantir de verser sa part dans les Contrats de Plan Etat R\u00e9gions dont une partie est d\u00e9di\u00e9e aux transports. Nous regardons ensemble la faillite de l&rsquo;\u00e9tat, purement et simplement. Notre pays est plong\u00e9 dans un avenir sombre.<\/p>\n","protected":false},"excerpt":{"rendered":"<p>Une des promesses faites lors des Etats g\u00e9n\u00e9raux du rail et de l&rsquo;intermodalit\u00e9 en 2016 par cette r\u00e9gion<\/p>\n","protected":false},"author":1,"featured_media":5591,"comment_status":"open","ping_status":"open","sticky":false,"template":"","format":"standard","meta":{"footnotes":""},"categories":[3],"tags":[],"class_list":["post-1212","post","type-post","status-publish","format-standard","has-post-thumbnail","hentry","category-en-train"],"_links":{"self":[{"href":"https:\/\/usagers-transports.haut-allier.eu\/index.php\/wp-json\/wp\/v2\/posts\/1212","targetHints":{"allow":["GET"]}}],"collection":[{"href":"https:\/\/usagers-transports.haut-allier.eu\/index.php\/wp-json\/wp\/v2\/posts"}],"about":[{"href":"https:\/\/usagers-transports.haut-allier.eu\/index.php\/wp-json\/wp\/v2\/types\/post"}],"author":[{"embeddable":true,"href":"https:\/\/usagers-transports.haut-allier.eu\/index.php\/wp-json\/wp\/v2\/users\/1"}],"replies":[{"embeddable":true,"href":"https:\/\/usagers-transports.haut-allier.eu\/index.php\/wp-json\/wp\/v2\/comments?post=1212"}],"version-history":[{"count":0,"href":"https:\/\/usagers-transports.haut-allier.eu\/index.php\/wp-json\/wp\/v2\/posts\/1212\/revisions"}],"wp:featuredmedia":[{"embeddable":true,"href":"https:\/\/usagers-transports.haut-allier.eu\/index.php\/wp-json\/wp\/v2\/media\/5591"}],"wp:attachment":[{"href":"https:\/\/usagers-transports.haut-allier.eu\/index.php\/wp-json\/wp\/v2\/media?parent=1212"}],"wp:term":[{"taxonomy":"category","embeddable":true,"href":"https:\/\/usagers-transports.haut-allier.eu\/index.php\/wp-json\/wp\/v2\/categories?post=1212"},{"taxonomy":"post_tag","embeddable":true,"href":"https:\/\/usagers-transports.haut-allier.eu\/index.php\/wp-json\/wp\/v2\/tags?post=1212"}],"curies":[{"name":"wp","href":"https:\/\/api.w.org\/{rel}","templated":true}]}}