{"id":1213,"date":"2025-06-17T10:14:36","date_gmt":"2025-06-17T08:14:36","guid":{"rendered":"http:\/\/5.45.101.177\/haut-allier\/usagers-transportse\/index.php\/2025\/06\/17\/jean-castex-tres-probable1213\/"},"modified":"2025-06-17T10:14:36","modified_gmt":"2025-06-17T08:14:36","slug":"jean-castex-tres-probable1213","status":"publish","type":"post","link":"https:\/\/usagers-transports.haut-allier.eu\/index.php\/2025\/06\/17\/jean-castex-tres-probable1213\/","title":{"rendered":"Jean Castex tr\u00e8s probable successeur de Jean-Pierre Farandou \u00e0 la t\u00eate de la SNCF en novembre"},"content":{"rendered":"<p>Ce ne sera pas avant novembre de cette ann\u00e9e et le mandat de Jean-Pierre Farandou devra \u00eatre prolong\u00e9 jusque l\u00e0 d&rsquo;apr\u00e8s plusieurs m\u00e9dias :<\/p>\n<p>&#8211; https:\/\/www.lesechos.fr\/industrie-services\/tourisme-transport\/succession-de-farandou-a-la-sncf-un-grain-de-sable-imprevu-retarde-le-processus-2170512<br \/>\n&#8211;  https:\/\/www.linforme.com\/transports-auto\/article\/sncf-l-oubli-facheux-qui-empeche-l-elysee-de-nommer-jean-castex-des-maintenant_2940.html<br \/>\n&#8211; https:\/\/www.liberation.fr\/economie\/transports\/jean-castex-pressenti-pour-prendre-la-tete-de-la-sncf-20250612_FDUSUJMOZ5DKTGTUMLD6YQ7CYE\/<br \/>\n&#8211; https:\/\/www.lefigaro.fr\/societes\/castex-devrait-etre-nomme-pdg-de-la-sncf-a-l-automne-20250612<\/p>\n<p>Jean Castex pr\u00e9senterait tous les crit\u00e8res n\u00e9cessaires d&rsquo;apr\u00e8s la presse, n&rsquo;a-t-il pas \u00e9crit au sujet d&rsquo;une petite ligne de son terroir, note Le Figaro, la Ligne de chemin de fer de Perpignan \u00e0 Villefranche-de-Conflent, en 2017 ? Rappelons que en 2019 d\u00e9j\u00e0, il avait \u00e9t\u00e9 candidat sans succ\u00e8s pour succ\u00e9der \u00e0 Guillaume Pepy \u00e0 la t\u00eate de la SNCF.<\/p>\n<p>Encore une fois esp\u00e9rons que le successeur de Farandou saura convaincre le gouvernement de financer le rail \u00e0 la bonne hauteur, ce que ce dernier refuse de faire malgr\u00e9 les demandes r\u00e9p\u00e9t\u00e9es de l&rsquo;actuel pr\u00e9sident de la SNCF. T\u00e9moins pratiquement tous les participants de la conf\u00e9rence \u00ab\u00a0Ambition France Transports\u00a0\u00bb, esp\u00e8ce de machin destin\u00e9 \u00e0 faire retomber la pression provenant des r\u00e9gions, des \u00e9lus et des usagers notamment qui exigent de l&rsquo;Etat un financement correct pour le maintien et le d\u00e9veloppement du r\u00e9seau ferroviaire. C&rsquo;est tr\u00e8s loin d&rsquo;\u00eatre gagn\u00e9 : le minist\u00e8re de l&rsquo;\u00e9conomie, Bercy, verrouille toutes les discussions et impose des limites infranchissables. <\/p>\n<p>Nous sommes pratiquement s\u00fbrs qu&rsquo;il n&rsquo;y aura aucun progr\u00e8s pour les \u00ab\u00a0petites lignes\u00a0\u00bb, les LFDT comme ils disent, qui irriguent le territoire. Il faudra dans les ann\u00e9es \u00e0 venir habiter obligatoirement une m\u00e9tropole pour b\u00e9n\u00e9ficier d&rsquo;un petit peu de service public. Ne parlons pas des SERMs qui vont passer \u00e0 la trappe, faute de financements et qui resteront un doux r\u00eave \u00ab\u00a0\u00e0 la Macron\u00a0\u00bb. C&rsquo;est ainsi. <\/p>\n","protected":false},"excerpt":{"rendered":"<p>Ce ne sera pas avant novembre de cette ann\u00e9e et le mandat de Jean-Pierre Farandou devra \u00eatre prolong\u00e9<\/p>\n","protected":false},"author":1,"featured_media":5593,"comment_status":"open","ping_status":"open","sticky":false,"template":"","format":"standard","meta":{"footnotes":""},"categories":[2],"tags":[],"class_list":["post-1213","post","type-post","status-publish","format-standard","has-post-thumbnail","hentry","category-infos"],"_links":{"self":[{"href":"https:\/\/usagers-transports.haut-allier.eu\/index.php\/wp-json\/wp\/v2\/posts\/1213","targetHints":{"allow":["GET"]}}],"collection":[{"href":"https:\/\/usagers-transports.haut-allier.eu\/index.php\/wp-json\/wp\/v2\/posts"}],"about":[{"href":"https:\/\/usagers-transports.haut-allier.eu\/index.php\/wp-json\/wp\/v2\/types\/post"}],"author":[{"embeddable":true,"href":"https:\/\/usagers-transports.haut-allier.eu\/index.php\/wp-json\/wp\/v2\/users\/1"}],"replies":[{"embeddable":true,"href":"https:\/\/usagers-transports.haut-allier.eu\/index.php\/wp-json\/wp\/v2\/comments?post=1213"}],"version-history":[{"count":0,"href":"https:\/\/usagers-transports.haut-allier.eu\/index.php\/wp-json\/wp\/v2\/posts\/1213\/revisions"}],"wp:featuredmedia":[{"embeddable":true,"href":"https:\/\/usagers-transports.haut-allier.eu\/index.php\/wp-json\/wp\/v2\/media\/5593"}],"wp:attachment":[{"href":"https:\/\/usagers-transports.haut-allier.eu\/index.php\/wp-json\/wp\/v2\/media?parent=1213"}],"wp:term":[{"taxonomy":"category","embeddable":true,"href":"https:\/\/usagers-transports.haut-allier.eu\/index.php\/wp-json\/wp\/v2\/categories?post=1213"},{"taxonomy":"post_tag","embeddable":true,"href":"https:\/\/usagers-transports.haut-allier.eu\/index.php\/wp-json\/wp\/v2\/tags?post=1213"}],"curies":[{"name":"wp","href":"https:\/\/api.w.org\/{rel}","templated":true}]}}