{"id":1214,"date":"2025-06-19T07:00:55","date_gmt":"2025-06-19T05:00:55","guid":{"rendered":"http:\/\/5.45.101.177\/haut-allier\/usagers-transportse\/index.php\/2025\/06\/19\/nouvelle-petition-sauvons-nos1214\/"},"modified":"2025-06-19T07:00:55","modified_gmt":"2025-06-19T05:00:55","slug":"nouvelle-petition-sauvons-nos1214","status":"publish","type":"post","link":"https:\/\/usagers-transports.haut-allier.eu\/index.php\/2025\/06\/19\/nouvelle-petition-sauvons-nos1214\/","title":{"rendered":"Nouvelle p\u00e9tition : Sauvons nos lignes ferroviaires !"},"content":{"rendered":"<p>Bien qu&rsquo;outil utilis\u00e9 normalement par les citoyens, les usagers, pour appuyer leurs demandes, c&rsquo;est cette fois la r\u00e9gion Occitanie qui les incite \u00e0 signer une p\u00e9tition qu&rsquo;elle voit comme une promotion de sa vision de la situation du ferroviaire r\u00e9gional : <\/p>\n<p><em>\u00ab\u00a0D\u2019ici \u00e0 2032, 800 millions d\u2019euros seront \u00e0 nouveau n\u00e9cessaires. Face \u00e0 ce mur d\u2019investissements, c\u2019est \u00e0 l\u2019\u00c9tat de reprendre ses responsabilit\u00e9s. Nous appelons \u00e0 un v\u00e9ritable sursaut national.<br \/>\nNous, citoyens, usagers, responsables politiques, \u00e9conomiques, syndicaux, associatifs, acteurs de la soci\u00e9t\u00e9 civile, d\u00e9fendons chaque kilom\u00e8tre de voies ferr\u00e9es sans distinction.\u00a0\u00bb <\/em><\/p>\n<p>Nous partageons compl\u00e8tement son point de vue et m\u00eame \u00e0 l&rsquo;\u00e9chelle nationale. On ne peut soup\u00e7onner la r\u00e9gion Occitanie d&rsquo;immobilisme ferroviaire mais elle a justement d\u00fb revoir drastiquement ses promesses, de r\u00e9ouvertures de lignes par exemple, \u00e0 la baisse il y a quelques mois, devant les diminutions d&rsquo;aides subites de l&rsquo;Etat.   <\/p>\n<p>Que dire \u00e9galement de cette rumeur, \u00e9voquant que le gouvernement aurait d\u00e9clar\u00e9 que la part de financement de l&rsquo;Etat ne serait plus garantie dans les Contrats de Plan Etat R\u00e9gions sachant qu&rsquo;il englobe le ferroviaire ?<\/p>\n<p>On r\u00e9pondra pr\u00e9sents \u00e0 l&rsquo;invitation de cette r\u00e9gion particuli\u00e8rement active dans le train, la seule en France \u00e0 avoir impos\u00e9 le tarif de un euro sur certaines de ses lignes, la seule \u00e0 en avoir rouvert, t\u00e9moin cette semaine l&rsquo;inauguration du retour de la liaison Montrejeau Luchon ce dimanche 22 juin, une premi\u00e8re en France puisque son exploitation se fera en gestion totale de sa part.<\/p>\n<p>Voici le lien vers le site o\u00f9 apporter son soutien :<\/p>\n<p>https:\/\/www.laregion.fr\/petitiontrain<\/p>\n<p>La p\u00e9tition comptait 13817 signatures ce matin.<\/p>\n<p><image4027|center><\/p>\n<p>Nous vous rappelons celle sp\u00e9cifique au Massif central \u00e0 signer ici :<\/p>\n<p>https:\/\/usagers-transports.haut-allier.eu\/?pour-un-service-de-trains-ter,1204.html<\/p>\n","protected":false},"excerpt":{"rendered":"<p>Bien qu&rsquo;outil utilis\u00e9 normalement par les citoyens, les usagers, pour appuyer leurs demandes, c&rsquo;est cette fois la r\u00e9gion<\/p>\n","protected":false},"author":1,"featured_media":5594,"comment_status":"open","ping_status":"open","sticky":false,"template":"","format":"standard","meta":{"footnotes":""},"categories":[5],"tags":[],"class_list":["post-1214","post","type-post","status-publish","format-standard","has-post-thumbnail","hentry","category-ensemble"],"_links":{"self":[{"href":"https:\/\/usagers-transports.haut-allier.eu\/index.php\/wp-json\/wp\/v2\/posts\/1214","targetHints":{"allow":["GET"]}}],"collection":[{"href":"https:\/\/usagers-transports.haut-allier.eu\/index.php\/wp-json\/wp\/v2\/posts"}],"about":[{"href":"https:\/\/usagers-transports.haut-allier.eu\/index.php\/wp-json\/wp\/v2\/types\/post"}],"author":[{"embeddable":true,"href":"https:\/\/usagers-transports.haut-allier.eu\/index.php\/wp-json\/wp\/v2\/users\/1"}],"replies":[{"embeddable":true,"href":"https:\/\/usagers-transports.haut-allier.eu\/index.php\/wp-json\/wp\/v2\/comments?post=1214"}],"version-history":[{"count":0,"href":"https:\/\/usagers-transports.haut-allier.eu\/index.php\/wp-json\/wp\/v2\/posts\/1214\/revisions"}],"wp:featuredmedia":[{"embeddable":true,"href":"https:\/\/usagers-transports.haut-allier.eu\/index.php\/wp-json\/wp\/v2\/media\/5594"}],"wp:attachment":[{"href":"https:\/\/usagers-transports.haut-allier.eu\/index.php\/wp-json\/wp\/v2\/media?parent=1214"}],"wp:term":[{"taxonomy":"category","embeddable":true,"href":"https:\/\/usagers-transports.haut-allier.eu\/index.php\/wp-json\/wp\/v2\/categories?post=1214"},{"taxonomy":"post_tag","embeddable":true,"href":"https:\/\/usagers-transports.haut-allier.eu\/index.php\/wp-json\/wp\/v2\/tags?post=1214"}],"curies":[{"name":"wp","href":"https:\/\/api.w.org\/{rel}","templated":true}]}}