{"id":1216,"date":"2025-06-27T09:02:41","date_gmt":"2025-06-27T07:02:41","guid":{"rendered":"http:\/\/5.45.101.177\/haut-allier\/usagers-transportse\/index.php\/2025\/06\/27\/marvejols-le-19-juillet-on-fete1216\/"},"modified":"2025-06-27T09:02:41","modified_gmt":"2025-06-27T07:02:41","slug":"marvejols-le-19-juillet-on-fete1216","status":"publish","type":"post","link":"https:\/\/usagers-transports.haut-allier.eu\/index.php\/2025\/06\/27\/marvejols-le-19-juillet-on-fete1216\/","title":{"rendered":"Marvejols le 19 juillet : on f\u00eate les 30 ans du Comit\u00e9 pluraliste de d\u00e9fense de la ligne B\u00e9ziers Neussargues"},"content":{"rendered":"<p>Il faut bien reconna\u00eetre le travail et la mobilisation du comit\u00e9 pour la survie de la ligne des Causses (ou de l&rsquo;Aubrac) depuis quelques d\u00e9cennies. Et c&rsquo;est cel\u00e0 qui sera c\u00e9l\u00e9br\u00e9 le 19 juillet 2025 gare de Marvejols (Loz\u00e8re) autour d&rsquo;un aligot &#8211; saucisses.<\/p>\n<p>Si tout n&rsquo;est pas parfait, reconnaissons les am\u00e9liorations sur l&rsquo;infrastructure de la r\u00e9gion Occitanie, les trains TER \u00e0 un euro toute l&rsquo;ann\u00e9e, les op\u00e9rations sp\u00e9ciales, la volont\u00e9 en tous cas d&rsquo;am\u00e9liorer. <\/p>\n<p>Nous noterons n\u00e9anmoins que la r\u00e9ouverture du tron\u00e7on S\u00e9verac le Ch\u00e2teau &#8211; Rodez est repouss\u00e9e \u00e0 cause de la baisse des budgets attribu\u00e9s aux r\u00e9gions par l&rsquo;Etat, que l&rsquo;offre TER sur B\u00e9ziers Saint-Ch\u00e9ly est maigrelette, que les liaisons TER entre Saint-Ch\u00e9ly et Clermont sont inexistantes, en d\u00e9pit d&rsquo;une voie enti\u00e8rement refaite par l&rsquo;Etat, et c&rsquo;est une des <a href=\"https:\/\/aurail.eu\/2025\/03\/ligne-des-causses-sans-ter-entre-saint-chely-dapcher-et-neussargues-voici-la-solution-a-cout-zero\/\"><em>pr\u00e9occupations<\/em><\/a> du Collectif Aurail.<\/p>\n<p>Nous noterons aussi que B\u00e9darieux, Millau, S\u00e9verac, Marvejols, St Ch\u00e9ly, St Flour et au del\u00e0 vers le nord ne sont toujours pas desservis par un train de nuit alors que le mat\u00e9riel roulant couchettes est disponible, tel que l&rsquo;a d\u00e9montr\u00e9 dans <a href=\"https:\/\/destinationtrainsdenuit.eu\/wp-content\/uploads\/2025\/04\/Memo-DTN-Vision-2030-V12.pdf\"><em>son \u00e9tude<\/em><\/a> Destination Trains de Nuit. <\/p>\n<p>C\u00e9l\u00e9brons tous les 30 ans du comit\u00e9 pluraliste !<\/p>\n<p><image4028|center><\/p>\n","protected":false},"excerpt":{"rendered":"<p>Il faut bien reconna\u00eetre le travail et la mobilisation du comit\u00e9 pour la survie de la ligne des<\/p>\n","protected":false},"author":1,"featured_media":5595,"comment_status":"closed","ping_status":"open","sticky":false,"template":"","format":"standard","meta":{"footnotes":""},"categories":[5],"tags":[],"class_list":["post-1216","post","type-post","status-publish","format-standard","has-post-thumbnail","hentry","category-ensemble"],"_links":{"self":[{"href":"https:\/\/usagers-transports.haut-allier.eu\/index.php\/wp-json\/wp\/v2\/posts\/1216","targetHints":{"allow":["GET"]}}],"collection":[{"href":"https:\/\/usagers-transports.haut-allier.eu\/index.php\/wp-json\/wp\/v2\/posts"}],"about":[{"href":"https:\/\/usagers-transports.haut-allier.eu\/index.php\/wp-json\/wp\/v2\/types\/post"}],"author":[{"embeddable":true,"href":"https:\/\/usagers-transports.haut-allier.eu\/index.php\/wp-json\/wp\/v2\/users\/1"}],"replies":[{"embeddable":true,"href":"https:\/\/usagers-transports.haut-allier.eu\/index.php\/wp-json\/wp\/v2\/comments?post=1216"}],"version-history":[{"count":0,"href":"https:\/\/usagers-transports.haut-allier.eu\/index.php\/wp-json\/wp\/v2\/posts\/1216\/revisions"}],"wp:featuredmedia":[{"embeddable":true,"href":"https:\/\/usagers-transports.haut-allier.eu\/index.php\/wp-json\/wp\/v2\/media\/5595"}],"wp:attachment":[{"href":"https:\/\/usagers-transports.haut-allier.eu\/index.php\/wp-json\/wp\/v2\/media?parent=1216"}],"wp:term":[{"taxonomy":"category","embeddable":true,"href":"https:\/\/usagers-transports.haut-allier.eu\/index.php\/wp-json\/wp\/v2\/categories?post=1216"},{"taxonomy":"post_tag","embeddable":true,"href":"https:\/\/usagers-transports.haut-allier.eu\/index.php\/wp-json\/wp\/v2\/tags?post=1216"}],"curies":[{"name":"wp","href":"https:\/\/api.w.org\/{rel}","templated":true}]}}