{"id":1217,"date":"2025-07-04T08:37:34","date_gmt":"2025-07-04T06:37:34","guid":{"rendered":"http:\/\/5.45.101.177\/haut-allier\/usagers-transportse\/index.php\/2025\/07\/04\/l-avion-2-5-fois-moins-cher-que-le1217\/"},"modified":"2025-07-04T08:37:34","modified_gmt":"2025-07-04T06:37:34","slug":"l-avion-2-5-fois-moins-cher-que-le1217","status":"publish","type":"post","link":"https:\/\/usagers-transports.haut-allier.eu\/index.php\/2025\/07\/04\/l-avion-2-5-fois-moins-cher-que-le1217\/","title":{"rendered":"L&rsquo;avion, 2,5 fois moins cher que le train, pollue 114 fois plus"},"content":{"rendered":"<p>Si on en \u00e9tait pas d\u00e9j\u00e0 persuad\u00e9, les grasses subventions aux compagnies a\u00e9riennes et aux a\u00e9roports, avec le d\u00e9veloppement des compagnies low-cost, font qu&rsquo;en Europe l&rsquo;avion est en moyenne 2,5 fois moins cher que le train. <\/p>\n<p>Par contre au niveau de l&rsquo;environnement le train s&rsquo;av\u00e8re 114 fois plus vertueux ! <\/p>\n<p>Le tout est le r\u00e9sultat d&rsquo;une \u00e9tude men\u00e9e par l&rsquo;<a href=\"https:\/\/www.quechoisir.org\/action-ufc-que-choisir-destinations-francaises-le-train-loin-d-etre-toujours-le-moins-cher-n168320\/\"><em>UFC Que Choisir<\/em><\/a> et publi\u00e9e hier le 3 juillet.<\/p>\n<p>L&rsquo;organisme indique que <em>\u00ab\u00a0Le train se montre comp\u00e9titif lorsqu&rsquo;il existe des liaisons ferroviaires directes, notamment sur les axes radiaux (depuis ou vers Paris). Dans le sc\u00e9nario estival, 60 % des trajets sont moins chers en train qu&rsquo;en avion. Sur ces liaisons, le train est en moyenne deux fois moins cher que l&rsquo;avion.\u00a0\u00bb<\/em><\/p>\n<p>Tout est calcul\u00e9 et organis\u00e9 pour passer par Paris. Ne l&rsquo;aviez vous pas remarqu\u00e9 ? Si vous \u00eates sur une liaison transversale, souvent avec plusieurs changements, les prix des billets de train bondissent. Que Choir pr\u00e9cise : <em>\u00ab\u00a0\u00c0 l\u2019inverse, dans le premier comme dans le second sc\u00e9nario, de nombreuses liaisons transversales (province \u00e0 province), surtout quand un changement de train est n\u00e9cessaire, s\u2019av\u00e8rent moins ch\u00e8res en avion, de 37\u2009% en moyenne\u00a0\u00bb<\/em>.<\/p>\n<p><strong>Et les liaisons internationales ?<\/strong><\/p>\n<p>En pleine urgence climatique, l\u2019UFC rappelle que sur longue distance, le train est de loin le mode de transport le plus vertueux, en citant l\u2019Ademe (Vous savez l&rsquo;organisme travaillant sur les \u00e9nergies renouvelables que notre gouvernement bien aim\u00e9 veut supprimer) \u2009: <em>\u00ab\u00a0Un trajet en TGV n\u2019\u00e9met en moyenne que 2,9 grammes de CO2 par passager-kilom\u00e8tre, contre environ 331 g pour l\u2019avion de courte distance et jusqu\u2019\u00e0 256 g pour une voiture utilis\u00e9e en solo (128 g pour deux passagers et 64 g pour quatre passagers)\u00a0\u00bb<\/em>.<\/p>\n<p><strong>Et la voiture ?<\/strong><\/p>\n<p><em>\u00ab\u00a0Quant \u00e0 la voiture, elle est surtout attractive dans le sc\u00e9nario familial\u2009: un tiers des trajets y sont les moins chers, par rapport au train et l\u2019avion, de 30\u2009% en moyenne en comparaison du train et de 44\u2009% en comparaison de l\u2019avion.\u00a0\u00bb<\/em> nous dit l&rsquo;association.<\/p>\n<p><strong>Rendre le train plus \u00ab\u00a0comp\u00e9titif\u00a0\u00bb<\/strong><\/p>\n<p>Parmi nos pr\u00e9conisations, la taxe sur les billets d\u2019avion \u00e0 un niveau qui compenserait l\u2019absence de taxe sur le k\u00e9ros\u00e8ne, est une voie \u00e0 ne pas n\u00e9gliger. Mais notre formidable gouvernement la mettra-t-elle en application ? Suspense.<\/p>\n<p>En tous cas cette \u00e9tude apporte de l&rsquo;eau suppl\u00e9mentaire \u00e0 notre moulin.<\/p>\n<p>La voici en PDF sur notre site (les documents de Que Choisir disparaissant de la consultation publique tr\u00e8s tr\u00e8s rapidement) :<\/p>\n<p><a href=\"http:\/\/5.45.101.177\/haut-allier\/usagers-transportse\/wp-content\/uploads\/2025\/07\/etudeprixtrain-avion-voiture.pdf.pdf\">etudeprixtrain-avion-voiture.pdf.pdf<\/a><\/p>\n","protected":false},"excerpt":{"rendered":"<p>Si on en \u00e9tait pas d\u00e9j\u00e0 persuad\u00e9, les grasses subventions aux compagnies a\u00e9riennes et aux a\u00e9roports, avec le<\/p>\n","protected":false},"author":1,"featured_media":5596,"comment_status":"closed","ping_status":"open","sticky":false,"template":"","format":"standard","meta":{"footnotes":""},"categories":[3],"tags":[],"class_list":["post-1217","post","type-post","status-publish","format-standard","has-post-thumbnail","hentry","category-en-train"],"_links":{"self":[{"href":"https:\/\/usagers-transports.haut-allier.eu\/index.php\/wp-json\/wp\/v2\/posts\/1217","targetHints":{"allow":["GET"]}}],"collection":[{"href":"https:\/\/usagers-transports.haut-allier.eu\/index.php\/wp-json\/wp\/v2\/posts"}],"about":[{"href":"https:\/\/usagers-transports.haut-allier.eu\/index.php\/wp-json\/wp\/v2\/types\/post"}],"author":[{"embeddable":true,"href":"https:\/\/usagers-transports.haut-allier.eu\/index.php\/wp-json\/wp\/v2\/users\/1"}],"replies":[{"embeddable":true,"href":"https:\/\/usagers-transports.haut-allier.eu\/index.php\/wp-json\/wp\/v2\/comments?post=1217"}],"version-history":[{"count":0,"href":"https:\/\/usagers-transports.haut-allier.eu\/index.php\/wp-json\/wp\/v2\/posts\/1217\/revisions"}],"wp:featuredmedia":[{"embeddable":true,"href":"https:\/\/usagers-transports.haut-allier.eu\/index.php\/wp-json\/wp\/v2\/media\/5596"}],"wp:attachment":[{"href":"https:\/\/usagers-transports.haut-allier.eu\/index.php\/wp-json\/wp\/v2\/media?parent=1217"}],"wp:term":[{"taxonomy":"category","embeddable":true,"href":"https:\/\/usagers-transports.haut-allier.eu\/index.php\/wp-json\/wp\/v2\/categories?post=1217"},{"taxonomy":"post_tag","embeddable":true,"href":"https:\/\/usagers-transports.haut-allier.eu\/index.php\/wp-json\/wp\/v2\/tags?post=1217"}],"curies":[{"name":"wp","href":"https:\/\/api.w.org\/{rel}","templated":true}]}}