{"id":122,"date":"2014-03-06T08:54:07","date_gmt":"2014-03-06T07:54:07","guid":{"rendered":"http:\/\/5.45.101.177\/haut-allier\/usagers-transportse\/index.php\/2014\/03\/06\/train-a-un-euro-en-languedoc122\/"},"modified":"2014-03-06T08:54:07","modified_gmt":"2014-03-06T07:54:07","slug":"train-a-un-euro-en-languedoc122","status":"publish","type":"post","link":"https:\/\/usagers-transports.haut-allier.eu\/index.php\/2014\/03\/06\/train-a-un-euro-en-languedoc122\/","title":{"rendered":"Train \u00e0 un euro en Languedoc Roussillon : oui, mais pas sur les plus fr\u00e9quent\u00e9s et uniquement via Internet !"},"content":{"rendered":"<p>Les m\u00e9dias r\u00e9gionaux font leurs choux gras en ce moment du train \u00e0 un euro annonc\u00e9 pour d\u00e9but 2015 dans le Languedoc Roussillon par Christian Bourquin vendredi 28 f\u00e9vrier \u00e0 Montpellier, en pr\u00e9sence du directeur g\u00e9n\u00e9ral R\u00e9gions et Intercit\u00e9s de la SNCF,  Alain Le Vern.<br \/>\n&nbsp;<br \/>\nMais ils se gardent bien d&rsquo;entrer dans le d\u00e9tail parce que l\u00e0&#8230; c&rsquo;est pas si rose. Grosses surprises :<br \/>\n&nbsp;<br \/>\n&#8211; <strong>la vente de ces billets \u00e0 1 \u20ac se fera uniquement via Internet. Adieu les guichets et les distributeurs de gares !<\/strong><br \/>\n&nbsp;<br \/>\n&#8211;  <strong>les trains disposeront de places \u00e0 1 \u20ac en nombre variable selon leur fr\u00e9quentation. Autrement dit les trains les plus fr\u00e9quent\u00e9s n&rsquo;auront pas de places \u00e0 un euro !<\/strong><br \/>\n&nbsp;<\/p>\n<p>A lire sur la merveilleuse plaquette de pr\u00e9sentation de la r\u00e9gion Languedoc Roussillon <a href=\"http:\/\/www.la-clau.net\/documents\/generalisation-train-a-1_euro_la_clau.pdf\">ici<\/a>.<br \/>\n&nbsp;<br \/>\n<strong>Si l&rsquo;on ajoute l&rsquo;effet un euro vu par Christian Bourquin avec sa politique de remplacement syst\u00e9matique du train par des autocars d\u00e8s qu&rsquo;une ligne ne lui pla\u00eet plus, et qui entra\u00eene des fermetures de lignes ferroviaires et des gares on voit l\u00e0 au contraire les cons\u00e9quences dramatiques pour les infrastructures du territoire de sa politique&#8230; d&rsquo;esbroufe.<\/strong> <\/p>\n","protected":false},"excerpt":{"rendered":"<p>Les m\u00e9dias r\u00e9gionaux font leurs choux gras en ce moment du train \u00e0 un euro annonc\u00e9 pour d\u00e9but<\/p>\n","protected":false},"author":1,"featured_media":1607,"comment_status":"closed","ping_status":"open","sticky":false,"template":"","format":"standard","meta":{"footnotes":""},"categories":[2],"tags":[],"class_list":["post-122","post","type-post","status-publish","format-standard","has-post-thumbnail","hentry","category-infos"],"_links":{"self":[{"href":"https:\/\/usagers-transports.haut-allier.eu\/index.php\/wp-json\/wp\/v2\/posts\/122","targetHints":{"allow":["GET"]}}],"collection":[{"href":"https:\/\/usagers-transports.haut-allier.eu\/index.php\/wp-json\/wp\/v2\/posts"}],"about":[{"href":"https:\/\/usagers-transports.haut-allier.eu\/index.php\/wp-json\/wp\/v2\/types\/post"}],"author":[{"embeddable":true,"href":"https:\/\/usagers-transports.haut-allier.eu\/index.php\/wp-json\/wp\/v2\/users\/1"}],"replies":[{"embeddable":true,"href":"https:\/\/usagers-transports.haut-allier.eu\/index.php\/wp-json\/wp\/v2\/comments?post=122"}],"version-history":[{"count":0,"href":"https:\/\/usagers-transports.haut-allier.eu\/index.php\/wp-json\/wp\/v2\/posts\/122\/revisions"}],"wp:featuredmedia":[{"embeddable":true,"href":"https:\/\/usagers-transports.haut-allier.eu\/index.php\/wp-json\/wp\/v2\/media\/1607"}],"wp:attachment":[{"href":"https:\/\/usagers-transports.haut-allier.eu\/index.php\/wp-json\/wp\/v2\/media?parent=122"}],"wp:term":[{"taxonomy":"category","embeddable":true,"href":"https:\/\/usagers-transports.haut-allier.eu\/index.php\/wp-json\/wp\/v2\/categories?post=122"},{"taxonomy":"post_tag","embeddable":true,"href":"https:\/\/usagers-transports.haut-allier.eu\/index.php\/wp-json\/wp\/v2\/tags?post=122"}],"curies":[{"name":"wp","href":"https:\/\/api.w.org\/{rel}","templated":true}]}}