{"id":1221,"date":"2025-07-05T23:17:00","date_gmt":"2025-07-05T21:17:00","guid":{"rendered":"http:\/\/5.45.101.177\/haut-allier\/usagers-transportse\/index.php\/2025\/07\/05\/forez-experimentation-de-la1221\/"},"modified":"2025-07-05T23:17:00","modified_gmt":"2025-07-05T21:17:00","slug":"forez-experimentation-de-la1221","status":"publish","type":"post","link":"https:\/\/usagers-transports.haut-allier.eu\/index.php\/2025\/07\/05\/forez-experimentation-de-la1221\/","title":{"rendered":"Forez : exp\u00e9rimentation de la Ferromobile entre Vertolaye et Courpi\u00e8re"},"content":{"rendered":"<p>Nous \u00e9tions \u00e0 la m\u00e9diath\u00e8que de Lezoux (Puy de D\u00f4me) hier pour assister \u00e0 la table ronde organis\u00e9e par Orbimob r\u00e9pondant \u00e0 l&rsquo;invitation du collectif des \u00ab Passeurs d\u2019Art \u00bb du R\u00e9seau des m\u00e9diath\u00e8ques de la Communaut\u00e9 de Communes entre Dore et Allier. Le th\u00e8me : <strong>\u00ab\u00a0L&rsquo;innovation est-elle l&rsquo;avenir du rail ?\u00a0\u00bb<\/strong>.<\/p>\n<p><em>Innovons, innovons ! Mais qu&rsquo;en restera-t-il ?<\/em><br \/>\n<image4032|center><\/p>\n<p>Question fort \u00e0 propos \u00e0 laquelle nous serions directement tent\u00e9s de r\u00e9pondre NON, pas en France et pas ici. Car connaissant ces diff\u00e9rents projets dits l\u00e9gers et leurs co\u00fbts, \u00e7a bloquera de partout \u00e0 moyen et long terme. Nous pensons que bien qu&rsquo;on ne puisse s&#8217;emp\u00eacher de r\u00e9fl\u00e9chir \u00e0 d&rsquo;autres solutions, \u00e0 la demande des \u00e9lus, que le train traditionnel avec ses voitures et locomotives lourdes et co\u00fbteuses, avec l&rsquo;entretien dispendieux des voies suite aux usures, une maintenance rendue hors de prix par SNCF R\u00e9seau qui triple voire quadruple ses tarifs, la solution n&rsquo;est pas dans les v\u00e9hicules plus l\u00e9gers, moins capacitaires, certes un peu plus maniables, mais qui devront de toutes fa\u00e7ons circuler sur des voies ferr\u00e9es non d\u00e9grad\u00e9es. Et l\u00e0 l&rsquo;obligation d&rsquo;entretenir l&rsquo;infrastructure et ses abords m\u00eame pour des circulations aux contraintes m\u00e9caniques peu exigeantes se fera vite ressentir avec des factures donc tr\u00e8s \u00e9lev\u00e9es, pour par exemple du changement de rails et traverses, voire pour de la d\u00e9v\u00e9g\u00e9talisation, voire pour l&rsquo;installation d&rsquo;\u00e9quipements sp\u00e9ciaux (plateformes etc.).  <\/p>\n<p>Etaient pr\u00e9sents \u00e0 ce d\u00e9bat notamment des experts comme Jacques Berling, directeur du projet Telli (Groupe SNCF), Olivier Le Cornec, directeur g\u00e9n\u00e9ral de Ferromobile, Jet Alstom, sp\u00e9cialiste des transports innovants ou Fran\u00e7ois Pelletier, r\u00e9f\u00e9rent ferroviaire OrbiMob\u2019, ancien responsable communication de Lyon-Turin Ferroviaire.<\/p>\n<p>L&rsquo;intervention la plus int\u00e9ressante \u00e0 notre avis \u00e9tait celle pr\u00e9sentant le v\u00e9hicule Ferromobile qui va \u00eatre exp\u00e9riment\u00e9 entre Vertolaye et Courpi\u00e8re sur la ligne du Livradois &#8211; Forez. Nous avons capt\u00e9 la vid\u00e9o de pr\u00e9sentation ainsi que les explications d&rsquo;Olivier Le Cornec.<\/p>\n<p>De quoi s&rsquo;agit-il ? D&rsquo;un petit v\u00e9hicule de transport \u00e9lectrique 8 places d\u00e9j\u00e0 produit en s\u00e9rie pour la route qui a \u00e9t\u00e9 transform\u00e9 et adapt\u00e9 \u00e0 la \u00ab\u00a0conduite\u00a0\u00bb sur rails \u00e0 l&rsquo;aide d&rsquo;essieux escamotables. Le v\u00e9hicule est amen\u00e9 normalement depuis son point de d\u00e9part via la route avec un chauffeur, puis arrive sur une plateforme de changement, qui peut-\u00eatre un passage \u00e0 niveau, pour se positionner sur les rails afin de poursuivre son chemin SANS chauffeur, \u00e0 l&rsquo;aide de toute une s\u00e9rie de s\u00e9curisations par de nombreux capteurs (anti chocs, anti collisions, GPS etc&#8230;).<\/p>\n<p><em>La pr\u00e9sentation du Ferrorail<\/em><\/p>\n<p><a href=\"http:\/\/5.45.101.177\/haut-allier\/usagers-transportse\/wp-content\/uploads\/2025\/07\/vid_20250704_185338.webm\">vid_20250704_185338.webm<\/a><\/p>\n<p>Le v\u00e9hicule peut s&rsquo;aggr\u00e9ger \u00e0 d&rsquo;autres formant ainsi&#8230; un train. Les croisements n&rsquo;ont pas besoin de voie d&rsquo;\u00e9vitement, Quelques autres avantages \u00e9galement. La vitesse peut atteindre sur rails 100 kmh. Mais de notre avis il ne pourra rouler que sur des voies en relatif bon \u00e9tat.<\/p>\n<p>Les travaux n\u00e9cessaires pour l&rsquo;exp\u00e9rimentation Vertolaye Courpi\u00e8re ont \u00e9t\u00e9 l&rsquo;am\u00e9nagement de plateformes de mise sur rail sur les passages \u00e0 niveau. Toujours \u00e7a de pris sur une infrastructure hors r\u00e9seau national, et ce signalons le gr\u00e2ce au maire d&rsquo;Olliergues inform\u00e9 par nos amis du <a href=\"https:\/\/letrain634269.org\"><em>train634269<\/em><\/a>.<\/p>\n<p><em>La vid\u00e9o comment\u00e9e des travaux<\/em><\/p>\n<p><a href=\"http:\/\/5.45.101.177\/haut-allier\/usagers-transportse\/wp-content\/uploads\/2025\/07\/vid_20250704_185134.webm\">vid_20250704_185134.webm<\/a><\/p>\n<p>Vous l&rsquo;aurez compris hormis le fait que l&rsquo;exp\u00e9rimentation a commenc\u00e9 sur une ligne que nous connaissons bien en Auvergne, l&rsquo;ancienne ligne Vichy &#8211; Le Puy via Ambert, nous ne fondons aucun espoir pour l&rsquo;avenir de cette solution bancale. Autant prendre la route, peu fr\u00e9quent\u00e9e, qui longe cette ligne. Tant qu&rsquo;une offre de desserte digne et pratique pour la population ne verra pas le jour, la ligne poursuivra sa lente mort. Des solutions plus traditionnelles existent avec des trains homologu\u00e9s, polyvalents, plus l\u00e9gers, comme ceux de la ligne Nice Digne.  <\/p>\n<p>L&rsquo;assistance \u00e0 la m\u00e9diath\u00e8que :<\/p>\n<p><image4031|center><\/p>\n<p>[fond rouge][blanc]<strong>[MAJ]<\/strong>[\/blanc][\/fond rouge]<br \/>\nUn commentaire parmi d&rsquo;autres, de notre ami Hans, parvenu dans notre boite mail :<\/p>\n<blockquote class=\"poesie\">\n<p><em>La France ne devient jamais fatigu\u00e9 d&rsquo;inventer, d&rsquo;exp\u00e9rimenter, de r\u00e9inventer, de faire une \u00e9tude et encore une et encore une&#8230; \u00e7a \u00e9vite de travailler vraiment, de prendre le marteau dans ses mains et d&rsquo;enfin commencer avec quelque chose d&rsquo;utile qui sert vraiment.<br \/>\nIl suffirait largement de s&rsquo;en servir de ce que vous avez d\u00e9j\u00e0 et de simplement proposer un service adapt\u00e9 au besoin de la population.<\/p>\n<p>Beaucoup trop de grandes geules, du bling-bling et rien derri\u00e8re.<br \/>\nC&rsquo;est pourquoi votre embl\u00e8me est un coq &#128019; qui cri pour cacher, qu&rsquo;il ne produit en principe rien du tout et qu&rsquo;il ne serve \u00e0 pas grand chose.<\/p>\n<p>Cordialement.<br \/>\nHans, ethnologue du peuple indig\u00e8ne francais depuis 45 ans <\/em>\n<\/p><\/blockquote>\n","protected":false},"excerpt":{"rendered":"<p>Nous \u00e9tions \u00e0 la m\u00e9diath\u00e8que de Lezoux (Puy de D\u00f4me) hier pour assister \u00e0 la table ronde organis\u00e9e<\/p>\n","protected":false},"author":1,"featured_media":5598,"comment_status":"open","ping_status":"open","sticky":false,"template":"","format":"standard","meta":{"footnotes":""},"categories":[3],"tags":[],"class_list":["post-1221","post","type-post","status-publish","format-standard","has-post-thumbnail","hentry","category-en-train"],"_links":{"self":[{"href":"https:\/\/usagers-transports.haut-allier.eu\/index.php\/wp-json\/wp\/v2\/posts\/1221","targetHints":{"allow":["GET"]}}],"collection":[{"href":"https:\/\/usagers-transports.haut-allier.eu\/index.php\/wp-json\/wp\/v2\/posts"}],"about":[{"href":"https:\/\/usagers-transports.haut-allier.eu\/index.php\/wp-json\/wp\/v2\/types\/post"}],"author":[{"embeddable":true,"href":"https:\/\/usagers-transports.haut-allier.eu\/index.php\/wp-json\/wp\/v2\/users\/1"}],"replies":[{"embeddable":true,"href":"https:\/\/usagers-transports.haut-allier.eu\/index.php\/wp-json\/wp\/v2\/comments?post=1221"}],"version-history":[{"count":0,"href":"https:\/\/usagers-transports.haut-allier.eu\/index.php\/wp-json\/wp\/v2\/posts\/1221\/revisions"}],"wp:featuredmedia":[{"embeddable":true,"href":"https:\/\/usagers-transports.haut-allier.eu\/index.php\/wp-json\/wp\/v2\/media\/5598"}],"wp:attachment":[{"href":"https:\/\/usagers-transports.haut-allier.eu\/index.php\/wp-json\/wp\/v2\/media?parent=1221"}],"wp:term":[{"taxonomy":"category","embeddable":true,"href":"https:\/\/usagers-transports.haut-allier.eu\/index.php\/wp-json\/wp\/v2\/categories?post=1221"},{"taxonomy":"post_tag","embeddable":true,"href":"https:\/\/usagers-transports.haut-allier.eu\/index.php\/wp-json\/wp\/v2\/tags?post=1221"}],"curies":[{"name":"wp","href":"https:\/\/api.w.org\/{rel}","templated":true}]}}