{"id":1223,"date":"2025-07-21T19:59:01","date_gmt":"2025-07-21T17:59:01","guid":{"rendered":"http:\/\/5.45.101.177\/haut-allier\/usagers-transportse\/index.php\/2025\/07\/21\/3-et-4-octobre-a-grenoble-on-va1223\/"},"modified":"2026-09-01T16:11:09","modified_gmt":"2026-09-01T14:11:09","slug":"3-et-4-octobre-a-grenoble-on-va1223","status":"publish","type":"post","link":"https:\/\/usagers-transports.haut-allier.eu\/index.php\/2025\/07\/21\/3-et-4-octobre-a-grenoble-on-va1223\/","title":{"rendered":"3 et 4 octobre \u00e0 Grenoble on va r\u00e9clamer \u201cDu train pour nos montagnes !\u201d"},"content":{"rendered":"C&rsquo;est 3 organisations d\u2019usagers, le <a href=\"https:\/\/aurail.eu\">Collectif AURail<\/a>, le <a href=\"https:\/\/reseauentrain.eu\">R\u00e9seau europ\u00e9en #enTrain<\/a> et nos h\u00f4tes le <a href=\"https:\/\/etoileferroviairedeveynes.info\/\">Collectif ferroviaire de l&rsquo;Etoile de Veynes<\/a> qui s\u2019unissent pour organiser un important colloque \u00e0 la rentr\u00e9e dont le th\u00e8me sera le d\u00e9veloppement du train en montagne. Il fait un peu \u00e9cho, \u00e0 moindre \u00e9chelle, \u00e0 celui que nous avions <a href=\"https:\/\/150ans.traincevenol.eu\/?event_listing=grand-colloque-sur-lavenir-de-la-ligne-marseille-nimes-vers-clermont-ferrand-paris\"><em>organis\u00e9 en 2019<\/em><\/a> \u00e0 Alleyras avec l&rsquo;association pour les 150 ans de la ligne du C\u00e9venol. Dans les Alpes, le programme se d\u00e9roulera sur deux jours. D&rsquo;abord le vendredi o\u00f9 principalement le R\u00e9seau #enTrain tiendra son forum annuel, puis le samedi sera une journ\u00e9e plus grand public mise au point par nos amis de l&rsquo;Etoile de Veynes au sein de laquelle, de 11h00 \u00e0 12h30 le Collectif Aurail r\u00e9unira les d\u00e9cideurs r\u00e9gionaux pour les interroger sur le futur du train dans les Alpes et le Massif central, deux territoires faisant partie de la r\u00e9gion Auvergne Rh\u00f4ne Alpes. Des moments de convivialit\u00e9 sont pr\u00e9vus comme des happenings, des projections\u2026 Le forum est ouvert \u00e0 tous et toutes mais attention la r\u00e9servation est obligatoire m\u00eame pour les acc\u00e8s gratuits. Et c\u2019est ici que \u00e7a se passe :\n\n<a href=\"https:\/\/www.helloasso.com\/associations\/association-pour-la-promotion-de-la-ligne-sncf-grenoble-veynes-agv\/evenements\/toujours-en-train-pour-nos-territoires-de-montagne-forum\">https:\/\/www.helloasso.com\/associations\/association-pour-la-promotion-de-la-ligne-sncf-grenoble-veynes-agv\/evenements\/toujours-en-train-pour-nos-territoires-de-montagne-forum<\/a>\n\nVoici le programme <em>en PDF ci-dessous<\/em> et en images plus bas :\n\n<a href=\"http:\/\/5.45.101.177\/haut-allier\/usagers-transportse\/wp-content\/uploads\/2025\/07\/programme-dutrainpournosmontagnes-ultimeversion.pdf\">programme-dutrainpournosmontagnes-ultimeversion.pdf<\/a>\n\n<image4092|center>\n<image4091|center>\n<image4090|center>\n<image4093|center>\n\n\n<p>&nbsp;<\/p>\n\n\t<figure class=\"wp-block-gallery columns-3 is-cropped wp-block-gallery-1 is-layout-flex wp-block-gallery-is-layout-flex\">\n\t\t<ul class=\"blocks-gallery-grid\">\n\t\t\t<li class=\"blocks-gallery-item\">\n\t\t\t\t<figure>\n\t\t\t\t\t\t\t\t\t\t\t<img loading=\"lazy\" decoding=\"async\" width=\"1144\" height=\"605\" src=\"http:\/\/5.45.101.177\/haut-allier\/usagers-transportse\/wp-content\/uploads\/2025\/08\/fde5ed77-3465-49dc-90ae-5ce8b6171530.jpg\"\n\t\t\t\t\t\t alt=\"fde5ed77-3465-49dc-90ae-5ce8b6171530.jpg\"\n\t\t\t\t\t\t data-id=\"5604\"\n\t\t\t\t\t\t data-full-url=\"http:\/\/5.45.101.177\/haut-allier\/usagers-transportse\/wp-content\/uploads\/2025\/08\/fde5ed77-3465-49dc-90ae-5ce8b6171530.jpg\"\n\t\t\t\t\t\t data-link=\"http:\/\/5.45.101.177\/haut-allier\/usagers-transportse\/attachment-fde5ed77-3465-49dc-90ae-5ce8b6171530-jpg\/\"\n\t\t\t\t\t\t class=\"wp-image-5604\" srcset=\"https:\/\/usagers-transports.haut-allier.eu\/wp-content\/uploads\/2025\/08\/fde5ed77-3465-49dc-90ae-5ce8b6171530.jpg 1144w, https:\/\/usagers-transports.haut-allier.eu\/wp-content\/uploads\/2025\/08\/fde5ed77-3465-49dc-90ae-5ce8b6171530-300x159.jpg 300w, https:\/\/usagers-transports.haut-allier.eu\/wp-content\/uploads\/2025\/08\/fde5ed77-3465-49dc-90ae-5ce8b6171530-1024x542.jpg 1024w, https:\/\/usagers-transports.haut-allier.eu\/wp-content\/uploads\/2025\/08\/fde5ed77-3465-49dc-90ae-5ce8b6171530-768x406.jpg 768w\" sizes=\"auto, (max-width: 1144px) 100vw, 1144px\" \/>\n\t\t\t\t<\/figure>\n\t\t\t<\/li>\n\t\t\t<li class=\"blocks-gallery-item\">\n\t\t\t\t<figure>\n\t\t\t\t\t\t\t\t\t\t\t<img loading=\"lazy\" decoding=\"async\" width=\"1317\" height=\"656\" src=\"http:\/\/5.45.101.177\/haut-allier\/usagers-transportse\/wp-content\/uploads\/2025\/08\/71894619-9a71-4792-ad30-988ec2bd1a7d.jpg\"\n\t\t\t\t\t\t alt=\"71894619-9a71-4792-ad30-988ec2bd1a7d.jpg\"\n\t\t\t\t\t\t data-id=\"5605\"\n\t\t\t\t\t\t data-full-url=\"http:\/\/5.45.101.177\/haut-allier\/usagers-transportse\/wp-content\/uploads\/2025\/08\/71894619-9a71-4792-ad30-988ec2bd1a7d.jpg\"\n\t\t\t\t\t\t data-link=\"http:\/\/5.45.101.177\/haut-allier\/usagers-transportse\/attachment-71894619-9a71-4792-ad30-988ec2bd1a7d-jpg\/\"\n\t\t\t\t\t\t class=\"wp-image-5605\" srcset=\"https:\/\/usagers-transports.haut-allier.eu\/wp-content\/uploads\/2025\/08\/71894619-9a71-4792-ad30-988ec2bd1a7d.jpg 1317w, https:\/\/usagers-transports.haut-allier.eu\/wp-content\/uploads\/2025\/08\/71894619-9a71-4792-ad30-988ec2bd1a7d-300x149.jpg 300w, https:\/\/usagers-transports.haut-allier.eu\/wp-content\/uploads\/2025\/08\/71894619-9a71-4792-ad30-988ec2bd1a7d-1024x510.jpg 1024w, https:\/\/usagers-transports.haut-allier.eu\/wp-content\/uploads\/2025\/08\/71894619-9a71-4792-ad30-988ec2bd1a7d-768x383.jpg 768w\" sizes=\"auto, (max-width: 1317px) 100vw, 1317px\" \/>\n\t\t\t\t<\/figure>\n\t\t\t<\/li>\n\t\t\t<li class=\"blocks-gallery-item\">\n\t\t\t\t<figure>\n\t\t\t\t\t\t\t\t\t\t\t<img loading=\"lazy\" decoding=\"async\" width=\"536\" height=\"548\" src=\"http:\/\/5.45.101.177\/haut-allier\/usagers-transportse\/wp-content\/uploads\/2025\/08\/map5040d0b5-094a-466e-8558-329e393d9db0.jpg\"\n\t\t\t\t\t\t alt=\"map5040d0b5-094a-466e-8558-329e393d9db0.jpg\"\n\t\t\t\t\t\t data-id=\"5606\"\n\t\t\t\t\t\t data-full-url=\"http:\/\/5.45.101.177\/haut-allier\/usagers-transportse\/wp-content\/uploads\/2025\/08\/map5040d0b5-094a-466e-8558-329e393d9db0.jpg\"\n\t\t\t\t\t\t data-link=\"http:\/\/5.45.101.177\/haut-allier\/usagers-transportse\/attachment-map5040d0b5-094a-466e-8558-329e393d9db0-jpg\/\"\n\t\t\t\t\t\t class=\"wp-image-5606\" srcset=\"https:\/\/usagers-transports.haut-allier.eu\/wp-content\/uploads\/2025\/08\/map5040d0b5-094a-466e-8558-329e393d9db0.jpg 536w, https:\/\/usagers-transports.haut-allier.eu\/wp-content\/uploads\/2025\/08\/map5040d0b5-094a-466e-8558-329e393d9db0-293x300.jpg 293w\" sizes=\"auto, (max-width: 536px) 100vw, 536px\" \/>\n\t\t\t\t<\/figure>\n\t\t\t<\/li>\n\t\t\t<li class=\"blocks-gallery-item\">\n\t\t\t\t<figure>\n\t\t\t\t\t\t\t\t\t\t\t<img loading=\"lazy\" decoding=\"async\" width=\"1317\" height=\"656\" src=\"http:\/\/5.45.101.177\/haut-allier\/usagers-transportse\/wp-content\/uploads\/2025\/08\/61bfbb96-eb44-4f32-aabd-c97520f9d6ec.jpg\"\n\t\t\t\t\t\t alt=\"61bfbb96-eb44-4f32-aabd-c97520f9d6ec.jpg\"\n\t\t\t\t\t\t data-id=\"5607\"\n\t\t\t\t\t\t data-full-url=\"http:\/\/5.45.101.177\/haut-allier\/usagers-transportse\/wp-content\/uploads\/2025\/08\/61bfbb96-eb44-4f32-aabd-c97520f9d6ec.jpg\"\n\t\t\t\t\t\t data-link=\"http:\/\/5.45.101.177\/haut-allier\/usagers-transportse\/attachment-61bfbb96-eb44-4f32-aabd-c97520f9d6ec-jpg\/\"\n\t\t\t\t\t\t class=\"wp-image-5607\" srcset=\"https:\/\/usagers-transports.haut-allier.eu\/wp-content\/uploads\/2025\/08\/61bfbb96-eb44-4f32-aabd-c97520f9d6ec.jpg 1317w, https:\/\/usagers-transports.haut-allier.eu\/wp-content\/uploads\/2025\/08\/61bfbb96-eb44-4f32-aabd-c97520f9d6ec-300x149.jpg 300w, https:\/\/usagers-transports.haut-allier.eu\/wp-content\/uploads\/2025\/08\/61bfbb96-eb44-4f32-aabd-c97520f9d6ec-1024x510.jpg 1024w, https:\/\/usagers-transports.haut-allier.eu\/wp-content\/uploads\/2025\/08\/61bfbb96-eb44-4f32-aabd-c97520f9d6ec-768x383.jpg 768w\" sizes=\"auto, (max-width: 1317px) 100vw, 1317px\" \/>\n\t\t\t\t<\/figure>\n\t\t\t<\/li>\n\t\t<\/ul>\n\t<\/figure>\n","protected":false},"excerpt":{"rendered":"<p>C&rsquo;est 3 organisations d\u2019usagers, le Collectif AURail, le R\u00e9seau europ\u00e9en #enTrain et nos h\u00f4tes le Collectif ferroviaire de<\/p>\n","protected":false},"author":1,"featured_media":5602,"comment_status":"open","ping_status":"open","sticky":false,"template":"","format":"standard","meta":{"footnotes":""},"categories":[5],"tags":[],"class_list":["post-1223","post","type-post","status-publish","format-standard","has-post-thumbnail","hentry","category-ensemble"],"_links":{"self":[{"href":"https:\/\/usagers-transports.haut-allier.eu\/index.php\/wp-json\/wp\/v2\/posts\/1223","targetHints":{"allow":["GET"]}}],"collection":[{"href":"https:\/\/usagers-transports.haut-allier.eu\/index.php\/wp-json\/wp\/v2\/posts"}],"about":[{"href":"https:\/\/usagers-transports.haut-allier.eu\/index.php\/wp-json\/wp\/v2\/types\/post"}],"author":[{"embeddable":true,"href":"https:\/\/usagers-transports.haut-allier.eu\/index.php\/wp-json\/wp\/v2\/users\/1"}],"replies":[{"embeddable":true,"href":"https:\/\/usagers-transports.haut-allier.eu\/index.php\/wp-json\/wp\/v2\/comments?post=1223"}],"version-history":[{"count":1,"href":"https:\/\/usagers-transports.haut-allier.eu\/index.php\/wp-json\/wp\/v2\/posts\/1223\/revisions"}],"predecessor-version":[{"id":5608,"href":"https:\/\/usagers-transports.haut-allier.eu\/index.php\/wp-json\/wp\/v2\/posts\/1223\/revisions\/5608"}],"wp:featuredmedia":[{"embeddable":true,"href":"https:\/\/usagers-transports.haut-allier.eu\/index.php\/wp-json\/wp\/v2\/media\/5602"}],"wp:attachment":[{"href":"https:\/\/usagers-transports.haut-allier.eu\/index.php\/wp-json\/wp\/v2\/media?parent=1223"}],"wp:term":[{"taxonomy":"category","embeddable":true,"href":"https:\/\/usagers-transports.haut-allier.eu\/index.php\/wp-json\/wp\/v2\/categories?post=1223"},{"taxonomy":"post_tag","embeddable":true,"href":"https:\/\/usagers-transports.haut-allier.eu\/index.php\/wp-json\/wp\/v2\/tags?post=1223"}],"curies":[{"name":"wp","href":"https:\/\/api.w.org\/{rel}","templated":true}]}}