{"id":1224,"date":"2025-07-22T17:58:47","date_gmt":"2025-07-22T15:58:47","guid":{"rendered":"http:\/\/5.45.101.177\/haut-allier\/usagers-transportse\/index.php\/2025\/07\/22\/ligne-du-train-cevenol-conference1224\/"},"modified":"2025-07-22T17:58:47","modified_gmt":"2025-07-22T15:58:47","slug":"ligne-du-train-cevenol-conference1224","status":"publish","type":"post","link":"https:\/\/usagers-transports.haut-allier.eu\/index.php\/2025\/07\/22\/ligne-du-train-cevenol-conference1224\/","title":{"rendered":"Ligne du train C\u00e9venol : conf\u00e9rence de Marilyne Avont le 22 ao\u00fbt"},"content":{"rendered":"<p>L&rsquo;excellente conf\u00e9renci\u00e8re du Pays d&rsquo;Art et d&rsquo;Histoire du Haut-Allier et l&rsquo;association PANPA propose une conf\u00e9rence sur l&rsquo;histoire de l&#8217;embl\u00e9matique ligne des C\u00e9vennes, la plus ancienne voie ferr\u00e9e du massif central qui repr\u00e9sente un des plus grands d\u00e9fis des chemin de fer. <\/p>\n<p>En effet ce sont plus 6000 hommes qui ont particip\u00e9 \u00e0 la construction de 70 tunnels, 5 galeries, 24 viaducs reliant Langeac et Villefort sur plus de 100 km de gorges.<\/p>\n<p>Intervention dans le cadre des Go\u00fbters-D\u00e9couvertes.<\/p>\n<p><strong>O\u00f9 et quand ?<\/strong><\/p>\n<p>Vendredi 22 ao\u00fbt 2025 \u00e0 16h30 \u00e0 la<br \/>\nMaison des Oiseaux et de la Nature<br \/>\nLe prieur\u00e9<br \/>\n43380 Lavo\u00fbte-Chilhac<\/p>\n<p><strong>Combien ?<\/strong><\/p>\n<p>Participation libre. <\/p>\n<p>Dur\u00e9e : 1h<\/p>\n<p>Vous pouvez r\u00e9server en t\u00e9l\u00e9phonant au 06 76 37 44 69.<\/p>\n<p>Un bien beau logo relev\u00e9 sur le site de la maison des Oiseaux&#8230;<br \/>\n<image4042|center><\/p>\n","protected":false},"excerpt":{"rendered":"<p>L&rsquo;excellente conf\u00e9renci\u00e8re du Pays d&rsquo;Art et d&rsquo;Histoire du Haut-Allier et l&rsquo;association PANPA propose une conf\u00e9rence sur l&rsquo;histoire de<\/p>\n","protected":false},"author":1,"featured_media":5609,"comment_status":"closed","ping_status":"open","sticky":false,"template":"","format":"standard","meta":{"footnotes":""},"categories":[2],"tags":[],"class_list":["post-1224","post","type-post","status-publish","format-standard","has-post-thumbnail","hentry","category-infos"],"_links":{"self":[{"href":"https:\/\/usagers-transports.haut-allier.eu\/index.php\/wp-json\/wp\/v2\/posts\/1224","targetHints":{"allow":["GET"]}}],"collection":[{"href":"https:\/\/usagers-transports.haut-allier.eu\/index.php\/wp-json\/wp\/v2\/posts"}],"about":[{"href":"https:\/\/usagers-transports.haut-allier.eu\/index.php\/wp-json\/wp\/v2\/types\/post"}],"author":[{"embeddable":true,"href":"https:\/\/usagers-transports.haut-allier.eu\/index.php\/wp-json\/wp\/v2\/users\/1"}],"replies":[{"embeddable":true,"href":"https:\/\/usagers-transports.haut-allier.eu\/index.php\/wp-json\/wp\/v2\/comments?post=1224"}],"version-history":[{"count":0,"href":"https:\/\/usagers-transports.haut-allier.eu\/index.php\/wp-json\/wp\/v2\/posts\/1224\/revisions"}],"wp:featuredmedia":[{"embeddable":true,"href":"https:\/\/usagers-transports.haut-allier.eu\/index.php\/wp-json\/wp\/v2\/media\/5609"}],"wp:attachment":[{"href":"https:\/\/usagers-transports.haut-allier.eu\/index.php\/wp-json\/wp\/v2\/media?parent=1224"}],"wp:term":[{"taxonomy":"category","embeddable":true,"href":"https:\/\/usagers-transports.haut-allier.eu\/index.php\/wp-json\/wp\/v2\/categories?post=1224"},{"taxonomy":"post_tag","embeddable":true,"href":"https:\/\/usagers-transports.haut-allier.eu\/index.php\/wp-json\/wp\/v2\/tags?post=1224"}],"curies":[{"name":"wp","href":"https:\/\/api.w.org\/{rel}","templated":true}]}}