{"id":1225,"date":"2025-07-22T20:05:55","date_gmt":"2025-07-22T18:05:55","guid":{"rendered":"http:\/\/5.45.101.177\/haut-allier\/usagers-transportse\/index.php\/2025\/07\/22\/les-trains-touristiques-deboulent1225\/"},"modified":"2025-07-22T20:05:55","modified_gmt":"2025-07-22T18:05:55","slug":"les-trains-touristiques-deboulent1225","status":"publish","type":"post","link":"https:\/\/usagers-transports.haut-allier.eu\/index.php\/2025\/07\/22\/les-trains-touristiques-deboulent1225\/","title":{"rendered":"Les trains touristiques d\u00e9boulent cet \u00e9t\u00e9 sur les lignes des C\u00e9vennes et des Causses"},"content":{"rendered":"<p>Tr\u00e8s nombreux trains associatifs cet \u00e9t\u00e9 dans le Massif central. Sortez vos crayons et notez.<\/p>\n<p>Apr\u00e8s le \u00ab\u00a0tour du Massif central\u00a0\u00bb organis\u00e9 par l&rsquo;Autorail du Limousin ce dernier week-end des 18 19 et 20 juillet, un voyage Limoges Clermont Ligne des C\u00e9vennes Transloz\u00e9rien Ligne des Causses puis Aurillac et remont\u00e9e \u00e0 Limoges par la ligne POLT&#8230;<\/p>\n<p><em>Le passage de l&rsquo;autorail du Limousin sur le viaduc de Garabit \u00e0 20h10 le samedi<\/em><br \/>\n<image4043|center><\/p>\n<p>&#8230;voici venu le temps du <strong>\u00ab\u00a0Train de l&rsquo;Aligot&rsquo; le 25 octobre<\/strong> organis\u00e9 par nos amis d&rsquo;AP2800 au d\u00e9part de Langogne :<\/p>\n<p><image4044|center><\/p>\n<p>Autres gares de d\u00e9part possibles, voir horaires d\u00e9taill\u00e9s sur le site<br \/>\n<a href=\"ap2800.fr\">http:\/\/ap2800.fr<\/a><\/p>\n<p>R\u00e9servations au 06 34 13 61 85.<\/p>\n<p>&#8230;mais aussi <\/p>\n<p>Le <strong>mercredi 23 juillet \u00ab\u00a0Le viaduc de Garabit, la tour Eiffel du Cantal\u00a0\u00bb<\/strong> d&rsquo;Aurillac \u00e0 Saint-Ch\u00e9ly d&rsquo;Apcher aller retour organis\u00e9 par l&rsquo;association du Gentiane Express \u00ab\u00a0les trains du CFHA\u00a0\u00bb.<\/p>\n<p>R\u00e9servations au 06 18 93 19 03.<\/p>\n<p><image4047|center><\/p>\n<p>Le <strong>dimanche 27 juillet le \u00ab\u00a0Train du Val d\u2019Allier, A la d\u00e9couverte des gorges de l&rsquo;Allier\u00a0\u00bb<\/strong> entre Clermont Ferrand et Langogne sur la mithyque ligne des C\u00e9vennes. Organis\u00e9 par Trains \u00e0 vapeur d&rsquo;Auvergne (attention le voyage ne comporte pas de locomotive \u00e0 vapeur).<\/p>\n<p>R\u00e9servations sur :<br \/>\n<a href=\"https:\/\/www.trainvapeur-auvergne.com\/produit\/train-du-val-dallier\/\">https:\/\/www.trainvapeur-auvergne.com\/produit\/train-du-val-dallier\/<\/a><br \/>\net au<br \/>\n09 84 39 14 72<br \/>\n07 83 22 42 58<\/p>\n<p><image4049|center><\/p>\n<p>Le <strong>mercredi 6 ao\u00fbt \u00ab\u00a0Voyage au pays de la b\u00eate du G\u00e9vaudan\u00a0\u00bb<\/strong> entre Aurillac et Marvejols. Toujours organis\u00e9 par les trains du CFHA. <\/p>\n<p>R\u00e9servations au 06 18 93 19 03.<\/p>\n<p><image4045|center><\/p>\n<p>Le <strong>20 ao\u00fbt prochain leur \u00ab\u00a0Fabuleux voyage autour de la Margeride et du G\u00e9vaudan\u00a0\u00bb<\/strong> avec descente par la ligne du train C\u00e9venol, passage sur le Transloz\u00e9rien et remont\u00e9e par la ligne des Causses, le tout d\u00e9part arriv\u00e9e \u00e0 Aurillac. Organis\u00e9 par les m\u00eames du CFHA. M\u00eame num\u00e9ro de r\u00e9servation.<\/p>\n<p><image4048|center><\/p>\n<p>Le <strong>23 ao\u00fbt \u00ab\u00a0Le train des viaducs \u00e0 vapeur\u00a0\u00bb<\/strong> entre Clermont Ferrand et Lapeyrouse organis\u00e9 par les Trains \u00e0 vapeur d&rsquo;Auvergne.<\/p>\n<p><image4051|center><\/p>\n<p>Informations et r\u00e9servation :<\/p>\n<blockquote class=\"wp-embedded-content\" data-secret=\"68AqrgG1TV\"><p><a href=\"https:\/\/www.trainvapeur-auvergne.com\/produit\/train-des-viaducs-a-vapeur\/\">Train des Viaducs<\/a><\/p><\/blockquote>\n<p><iframe loading=\"lazy\" class=\"wp-embedded-content\" sandbox=\"allow-scripts\" security=\"restricted\" style=\"position: absolute; visibility: hidden;\" title=\"\u00ab\u00a0Train des Viaducs\u00a0\u00bb \u2014 Train \u00e0 Vapeur d&amp;apos;Auvergne \/ Association de la 141R420\" src=\"https:\/\/www.trainvapeur-auvergne.com\/produit\/train-des-viaducs-a-vapeur\/embed\/#?secret=4xVtoFxBFG#?secret=68AqrgG1TV\" data-secret=\"68AqrgG1TV\" width=\"600\" height=\"338\" frameborder=\"0\" marginwidth=\"0\" marginheight=\"0\" scrolling=\"no\"><\/iframe><\/p>\n<p>et au<br \/>\n09 84 39 14 72<br \/>\n07 83 22 42 58<\/p>\n<p>Le <strong>samedi 4 octobre et le dimanche 5 octobre \u00ab\u00a0Le C\u00e9venol Express\u00a0\u00bb<\/strong> un p\u00e9riple \u00e0 vapeur entre Clermont Ferrand et N\u00eemes. Organis\u00e9 par les Trains \u00e0 vapeur d&rsquo;Auvergne.<\/p>\n<p><image4050|center><\/p>\n<p>Informations et r\u00e9servation :<br \/>\nhttps:\/\/www.trainvapeur-auvergne.com\/produit\/le-cevenol-express\/<\/p>\n<p>et au<br \/>\n09 84 39 14 72<br \/>\n07 83 22 42 58<\/p>\n<p>Bons trains touristiques ! Si vous ratez tout \u00e7a, n&rsquo;oubliez pas que l&rsquo;on peut prendre aussi les trains r\u00e9guliers SNCF, \u00e7a revient un peu moins cher.<\/p>\n","protected":false},"excerpt":{"rendered":"<p>Tr\u00e8s nombreux trains associatifs cet \u00e9t\u00e9 dans le Massif central. Sortez vos crayons et notez. Apr\u00e8s le \u00ab\u00a0tour<\/p>\n","protected":false},"author":1,"featured_media":5610,"comment_status":"open","ping_status":"open","sticky":false,"template":"","format":"standard","meta":{"footnotes":""},"categories":[2],"tags":[],"class_list":["post-1225","post","type-post","status-publish","format-standard","has-post-thumbnail","hentry","category-infos"],"_links":{"self":[{"href":"https:\/\/usagers-transports.haut-allier.eu\/index.php\/wp-json\/wp\/v2\/posts\/1225","targetHints":{"allow":["GET"]}}],"collection":[{"href":"https:\/\/usagers-transports.haut-allier.eu\/index.php\/wp-json\/wp\/v2\/posts"}],"about":[{"href":"https:\/\/usagers-transports.haut-allier.eu\/index.php\/wp-json\/wp\/v2\/types\/post"}],"author":[{"embeddable":true,"href":"https:\/\/usagers-transports.haut-allier.eu\/index.php\/wp-json\/wp\/v2\/users\/1"}],"replies":[{"embeddable":true,"href":"https:\/\/usagers-transports.haut-allier.eu\/index.php\/wp-json\/wp\/v2\/comments?post=1225"}],"version-history":[{"count":0,"href":"https:\/\/usagers-transports.haut-allier.eu\/index.php\/wp-json\/wp\/v2\/posts\/1225\/revisions"}],"wp:featuredmedia":[{"embeddable":true,"href":"https:\/\/usagers-transports.haut-allier.eu\/index.php\/wp-json\/wp\/v2\/media\/5610"}],"wp:attachment":[{"href":"https:\/\/usagers-transports.haut-allier.eu\/index.php\/wp-json\/wp\/v2\/media?parent=1225"}],"wp:term":[{"taxonomy":"category","embeddable":true,"href":"https:\/\/usagers-transports.haut-allier.eu\/index.php\/wp-json\/wp\/v2\/categories?post=1225"},{"taxonomy":"post_tag","embeddable":true,"href":"https:\/\/usagers-transports.haut-allier.eu\/index.php\/wp-json\/wp\/v2\/tags?post=1225"}],"curies":[{"name":"wp","href":"https:\/\/api.w.org\/{rel}","templated":true}]}}