{"id":1227,"date":"2025-07-31T10:25:10","date_gmt":"2025-07-31T08:25:10","guid":{"rendered":"http:\/\/5.45.101.177\/haut-allier\/usagers-transportse\/index.php\/2025\/07\/31\/train-touristique-du-haut-forez-de1227\/"},"modified":"2025-07-31T10:25:10","modified_gmt":"2025-07-31T08:25:10","slug":"train-touristique-du-haut-forez-de1227","status":"publish","type":"post","link":"https:\/\/usagers-transports.haut-allier.eu\/index.php\/2025\/07\/31\/train-touristique-du-haut-forez-de1227\/","title":{"rendered":"Train touristique du Haut Forez : de bonnes nouvelles"},"content":{"rendered":"<p>Le CFHF vient de diffuser un flash sp\u00e9cial tant les infos sont importantes. Nous relayons :<\/p>\n<p>Les travaux de r\u00e9habilitation de la section de ligne entre Craponne-sur-Arzon et La Chaise-Dieu ont bien eu lieu courant juin et se sont termin\u00e9s quelques jours apr\u00e8s les premiers trains de la saison \u00e0 la fin du mois de juin. <\/p>\n<p>Depuis, nous avons eu une premi\u00e8re visite de contr\u00f4le par Certifer, agence de certification ferroviaire, puis par notre organisme de tutelle, \u00e0 savoir le STRMTG, qui ont inspect\u00e9 minutieusement la voie apr\u00e8s restitution par l&rsquo;entreprise et qui ont donn\u00e9 un avis favorable, sous r\u00e9serve de quelques corrections mineures (orni\u00e8res \u00e0 d\u00e9gager par exemple), \u00e0 une reprise des circulations avec des voyageurs.<\/p>\n<p>Nous \u00e9tions donc dans l&rsquo;attente de l&rsquo;autorisation conjointe des pr\u00e9fectures de la Haute-Loire et de la Loire qui vient d&rsquo;arriver. <\/p>\n<p>Nous sommes donc heureux de vous annoncer une reprise des circulations entre Estivareilles et la Chaise-Dieu <strong>\u00e0 compter du vendredi 1er ao\u00fbt, premier d\u00e9part \u00e0 10h30<\/strong>.<\/p>\n<p>Vous trouverez tous les d\u00e9tails de nos circulations vers la Chaise-Dieu sur notre site internet <\/p>\n<p><a href=\"https:\/\/www.train-touristique-du-haut-forez.fr\/votre-voyage\">https:\/\/www.train-touristique-du-haut-forez.fr\/votre-voyage<br \/>\n<\/a><\/p>\n<p>Un partenariat a \u00e9t\u00e9 tiss\u00e9 avec l&rsquo;Abbaye de la Chaise-Dieu pour vous offrir des tarifs de visite avantageux (7 euros au lieu de 11 sur pr\u00e9sentation de votre ticket de train du jour). <\/p>\n<p>Le Pass du Haut-Forez a \u00e9galement \u00e9volu\u00e9 en <a href=\"https:\/\/ss9gy.mjt.lu\/lnk\/AVUAAHXYIswAAcmlAOAAAXeqSXwAAYCuI8AAoAptACa4pgBoie2XG-cjkVruS4eY1TQUJZ7ZZgAkBMQ\/4\/AJ1wEem4UT9Z4qnjggDpMQ\/aHR0cHM6Ly93d3cucmVuZGV6dm91c2VuZm9yZXouY29tL3ZhY2FuY2VzL3Bhc3MtZm9yZXov\">Pass&rsquo;Forez<\/a><\/p>\n<p>Voici nos journ\u00e9es de circulations et les horaires pour le mois d&rsquo;ao\u00fbt :<\/p>\n<p><image4052|center><\/p>\n<p><image4053|center><\/p>\n<p>Voici une vid\u00e9o pour c\u00e9l\u00e9brer le retour sur la Chaise-Dieu :<\/p>\n<p><iframe loading=\"lazy\" width=\"560\" height=\"315\" src=\"https:\/\/www.youtube.com\/embed\/jndGcvuZWl4?si=zbCwCdrpeRFK_hr8\" title=\"YouTube video player\" frameborder=\"0\" allow=\"accelerometer; autoplay; clipboard-write; encrypted-media; gyroscope; picture-in-picture; web-share\" referrerpolicy=\"strict-origin-when-cross-origin\" allowfullscreen><\/iframe><\/p>\n<p><strong>Prochains trains \u00e0 th\u00e8me<\/strong><\/p>\n<p>Voici notre planning des circulations :<\/p>\n<p>    &#8211; Troisi\u00e8me <a href=\"https:\/\/ss9gy.mjt.lu\/lnk\/AVUAAHXYIswAAcmlAOAAAXeqSXwAAYCuI8AAoAptACa4pgBoie2XG-cjkVruS4eY1TQUJZ7ZZgAkBMQ\/6\/g2laocir8Qjp9CCIvoHAVw\/aHR0cHM6Ly93d3cudHJhaW4tdG91cmlzdGlxdWUtZHUtaGF1dC1mb3Jlei5mci90cmFpbnMtcmVzdGF1cmFudHMtY3JvY3RyYWluLw\">Croc&rsquo;Train<\/a>, le train restaurant du vendredi soir le 8 ao\u00fbt 2025 (d\u00e9part Craponne)<br \/>\n    &#8211; <a href=\"https:\/\/ss9gy.mjt.lu\/lnk\/AVUAAHXYIswAAcmlAOAAAXeqSXwAAYCuI8AAoAptACa4pgBoie2XG-cjkVruS4eY1TQUJZ7ZZgAkBMQ\/7\/OmP-EG3Ci8GZClYoh0hC5Q\/aHR0cHM6Ly93d3cudHJhaW4tdG91cmlzdGlxdWUtZHUtaGF1dC1mb3Jlei5mci90cmFpbnMtYS10aGVtZS1iYWxhZGVzLWNvbnRlZXMv\">Balade cont\u00e9e<\/a> le samedi 9 ao\u00fbt 2025<br \/>\n    &#8211; Quatri\u00e8me <a href=\"https:\/\/ss9gy.mjt.lu\/lnk\/AVUAAHXYIswAAcmlAOAAAXeqSXwAAYCuI8AAoAptACa4pgBoie2XG-cjkVruS4eY1TQUJZ7ZZgAkBMQ\/8\/p78iCUhGo-JI77EJg26Abg\/aHR0cHM6Ly93d3cudHJhaW4tdG91cmlzdGlxdWUtZHUtaGF1dC1mb3Jlei5mci90cmFpbnMtcmVzdGF1cmFudHMtY3JvY3RyYWluLw\">Croc&rsquo;Train<\/a>, le train restaurant du samedi soir le samedi 6 septembre 2025 (d\u00e9part Usson)<br \/>\n    &#8211; Et bien s\u00fbr nos traditionnels <a href=\"https:\/\/ss9gy.mjt.lu\/lnk\/AVUAAHXYIswAAcmlAOAAAXeqSXwAAYCuI8AAoAptACa4pgBoie2XG-cjkVruS4eY1TQUJZ7ZZgAkBMQ\/9\/ogJN9-2Y61w3lJh0YiS1og\/aHR0cHM6Ly93d3cudHJhaW4tdG91cmlzdGlxdWUtZHUtaGF1dC1mb3Jlei5mci90cmFpbnMtYS10aGVtZS10cmFpbnMtZHUtbWFyY2hlLw\">trains du march\u00e9<\/a> le samedi matin<\/p>\n<p>Nous organisons toujours sur demande des <a href=\"https:\/\/ss9gy.mjt.lu\/lnk\/AVUAAHXYIswAAcmlAOAAAXeqSXwAAYCuI8AAoAptACa4pgBoie2XG-cjkVruS4eY1TQUJZ7ZZgAkBMQ\/10\/W6XhZv8x7PehjHOsFLuQjA\/aHR0cHM6Ly93d3cudHJhaW4tdG91cmlzdGlxdWUtZHUtaGF1dC1mb3Jlei5mci90cmFpbnMtcmVzdGF1cmFudHMtdHJhaW5zLWEtbGEtY2FydGUv\">trains \u00e0 la carte<\/a> (un minimum d&rsquo;une dizaine de personnes est requis). <\/p>\n<p>Un contact : 04 77 50 82 03.<\/p>\n","protected":false},"excerpt":{"rendered":"<p>Le CFHF vient de diffuser un flash sp\u00e9cial tant les infos sont importantes. Nous relayons : Les travaux<\/p>\n","protected":false},"author":1,"featured_media":5612,"comment_status":"open","ping_status":"open","sticky":false,"template":"","format":"standard","meta":{"footnotes":""},"categories":[2],"tags":[],"class_list":["post-1227","post","type-post","status-publish","format-standard","has-post-thumbnail","hentry","category-infos"],"_links":{"self":[{"href":"https:\/\/usagers-transports.haut-allier.eu\/index.php\/wp-json\/wp\/v2\/posts\/1227","targetHints":{"allow":["GET"]}}],"collection":[{"href":"https:\/\/usagers-transports.haut-allier.eu\/index.php\/wp-json\/wp\/v2\/posts"}],"about":[{"href":"https:\/\/usagers-transports.haut-allier.eu\/index.php\/wp-json\/wp\/v2\/types\/post"}],"author":[{"embeddable":true,"href":"https:\/\/usagers-transports.haut-allier.eu\/index.php\/wp-json\/wp\/v2\/users\/1"}],"replies":[{"embeddable":true,"href":"https:\/\/usagers-transports.haut-allier.eu\/index.php\/wp-json\/wp\/v2\/comments?post=1227"}],"version-history":[{"count":0,"href":"https:\/\/usagers-transports.haut-allier.eu\/index.php\/wp-json\/wp\/v2\/posts\/1227\/revisions"}],"wp:featuredmedia":[{"embeddable":true,"href":"https:\/\/usagers-transports.haut-allier.eu\/index.php\/wp-json\/wp\/v2\/media\/5612"}],"wp:attachment":[{"href":"https:\/\/usagers-transports.haut-allier.eu\/index.php\/wp-json\/wp\/v2\/media?parent=1227"}],"wp:term":[{"taxonomy":"category","embeddable":true,"href":"https:\/\/usagers-transports.haut-allier.eu\/index.php\/wp-json\/wp\/v2\/categories?post=1227"},{"taxonomy":"post_tag","embeddable":true,"href":"https:\/\/usagers-transports.haut-allier.eu\/index.php\/wp-json\/wp\/v2\/tags?post=1227"}],"curies":[{"name":"wp","href":"https:\/\/api.w.org\/{rel}","templated":true}]}}