{"id":1228,"date":"2025-08-06T16:03:36","date_gmt":"2025-08-06T14:03:36","guid":{"rendered":"http:\/\/5.45.101.177\/haut-allier\/usagers-transportse\/index.php\/2025\/08\/06\/combien-d-annees-encore-va-t-on1228\/"},"modified":"2025-08-06T16:03:36","modified_gmt":"2025-08-06T14:03:36","slug":"combien-d-annees-encore-va-t-on1228","status":"publish","type":"post","link":"https:\/\/usagers-transports.haut-allier.eu\/index.php\/2025\/08\/06\/combien-d-annees-encore-va-t-on1228\/","title":{"rendered":"Combien d&rsquo;ann\u00e9es encore va-t-on devoir supporter SNCF-Connect ?"},"content":{"rendered":"<p>Malgr\u00e9 nos remarques mille fois r\u00e9p\u00e9t\u00e9es \u00e0 la SNCF et directement \u00e0 l&rsquo;entreprise SNCF-Connect les bugs et les limitations subsistent et notamment le non affichage, et donc la non proposition, des voyages \u00e0 plus de 2 changements. Mais pas que ! A croire que les gens de SNCF sont des incapables. En fait l&rsquo;immobilisme fait partie de la politique de la maison. Et c&rsquo;est ce qui va tuer le train en France et les petites lignes.<\/p>\n<p>Ni\u00e8me exemple : nous voulons effectuer le trajet en train de Thiers (Puy de D\u00f4me) \u00e0 Castres (Tarn) le mercredi 13 ao\u00fbt. On se rend donc sur le site d\u00e9cri\u00e9. R\u00e9sultat :<\/p>\n<p><image4060|center><\/p>\n<p>Comme par hasard&#8230;<\/p>\n<p>On se dit que ce n&rsquo;est pas possible et qu&rsquo;il doit y avoir une solution. On se rend sur le site autrichien (attention c&rsquo;est en anglais) :<\/p>\n<p><a href=\"https:\/\/fahrplan.oebb.at\/webapp\/#!P|TP!H|551160\">https:\/\/fahrplan.oebb.at\/webapp\/#!P|TP!H|551160<\/a><\/p>\n<p>On y inscrit le d\u00e9part et la destination et&#8230;<\/p>\n<p><image4061|center><\/p>\n<p>Miracle&#8230; des solutions. On nous en pr\u00e9sente 10 pour le jour demand\u00e9. 10 ! Et 4 en train, TER Intercit\u00e9s et autres. Et m\u00eame un trajet avec 2 changements seulement que SNCF-Connect nous a masqu\u00e9.<\/p>\n<p><image4063|center><\/p>\n<p>En descendant dans la page on va choisir celui de 11h50 avec 4 changements. On voit que c&rsquo;est le plus direct possible &#8211; ce qui ne veut pas dire le moins cher &#8211; sur la carte affich\u00e9e \u00e0 droite en direct :<\/p>\n<p><image4064|center><\/p>\n<p><image4062|center><\/p>\n<p>Malheureusement on ne peut pas acheter le billet sur ce site autrichien \u00e0 moins peut-\u00eatre sans doute d&rsquo;y \u00eatre inscrit. On va donc scinder le trajet en deux et partir acheter les deux billets non pas sur SNCF-Connect qui ne le m\u00e9rite pas mais sur <a href=\"https:\/\/12train.com\">12train.com<\/a> , c&rsquo;est bien plus rapide :<\/p>\n<p><image4067|center><\/p>\n<p>Premi\u00e8re partie du billet :<\/p>\n<p><image4065|center><\/p>\n<p>Deuxi\u00e8me partie et fin de la r\u00e9servation :<\/p>\n<p><image4066|center><\/p>\n<p><strong>Le comportement de la SNCF vis-\u00e0-vis des voyageurs et usagers que nous sommes est tout simplement scandaleux. Et personne ne bouge. Tout va bien !<\/strong><\/p>\n<p><strong>Il n&rsquo;y a aucune excuse, aucune justification, NOUS VOULONS POUVOIR ACHETER DES BILLETS UNIQUES POUR UN TRAJET COMPORTANT PLUSIEURS CHANGEMENTS. 10 S&rsquo;IL LE FAUT !!!!<\/strong><\/p>\n<p>[fond rouge][blanc]<strong>Nous avions lanc\u00e9 une p\u00e9tition il y a fort longtemps, on peut la r\u00e9animer, la r\u00e9activer :<\/strong>[\/blanc][\/fond rouge]<\/p>\n<p><a href=\"https:\/\/www.change.org\/p\/jean-pierre-farandou-cl%C3%A9ment-beaune-elisabeth-borne-stop-aux-billets-sncf-limit%C3%A9s-%C3%A0-2-changements-imposant-des-trajets-plus-longs-et-plus-chers\">La p\u00e9tition<\/a><\/p>\n","protected":false},"excerpt":{"rendered":"<p>Malgr\u00e9 nos remarques mille fois r\u00e9p\u00e9t\u00e9es \u00e0 la SNCF et directement \u00e0 l&rsquo;entreprise SNCF-Connect les bugs et les<\/p>\n","protected":false},"author":1,"featured_media":5613,"comment_status":"open","ping_status":"open","sticky":false,"template":"","format":"standard","meta":{"footnotes":""},"categories":[3],"tags":[],"class_list":["post-1228","post","type-post","status-publish","format-standard","has-post-thumbnail","hentry","category-en-train"],"_links":{"self":[{"href":"https:\/\/usagers-transports.haut-allier.eu\/index.php\/wp-json\/wp\/v2\/posts\/1228","targetHints":{"allow":["GET"]}}],"collection":[{"href":"https:\/\/usagers-transports.haut-allier.eu\/index.php\/wp-json\/wp\/v2\/posts"}],"about":[{"href":"https:\/\/usagers-transports.haut-allier.eu\/index.php\/wp-json\/wp\/v2\/types\/post"}],"author":[{"embeddable":true,"href":"https:\/\/usagers-transports.haut-allier.eu\/index.php\/wp-json\/wp\/v2\/users\/1"}],"replies":[{"embeddable":true,"href":"https:\/\/usagers-transports.haut-allier.eu\/index.php\/wp-json\/wp\/v2\/comments?post=1228"}],"version-history":[{"count":0,"href":"https:\/\/usagers-transports.haut-allier.eu\/index.php\/wp-json\/wp\/v2\/posts\/1228\/revisions"}],"wp:featuredmedia":[{"embeddable":true,"href":"https:\/\/usagers-transports.haut-allier.eu\/index.php\/wp-json\/wp\/v2\/media\/5613"}],"wp:attachment":[{"href":"https:\/\/usagers-transports.haut-allier.eu\/index.php\/wp-json\/wp\/v2\/media?parent=1228"}],"wp:term":[{"taxonomy":"category","embeddable":true,"href":"https:\/\/usagers-transports.haut-allier.eu\/index.php\/wp-json\/wp\/v2\/categories?post=1228"},{"taxonomy":"post_tag","embeddable":true,"href":"https:\/\/usagers-transports.haut-allier.eu\/index.php\/wp-json\/wp\/v2\/tags?post=1228"}],"curies":[{"name":"wp","href":"https:\/\/api.w.org\/{rel}","templated":true}]}}