{"id":1229,"date":"2025-08-25T09:58:30","date_gmt":"2025-08-25T07:58:30","guid":{"rendered":"http:\/\/5.45.101.177\/haut-allier\/usagers-transportse\/index.php\/2025\/08\/25\/fermeture-de-gueret-felletin1229\/"},"modified":"2025-08-25T09:58:30","modified_gmt":"2025-08-25T07:58:30","slug":"fermeture-de-gueret-felletin1229","status":"publish","type":"post","link":"https:\/\/usagers-transports.haut-allier.eu\/index.php\/2025\/08\/25\/fermeture-de-gueret-felletin1229\/","title":{"rendered":"Fermeture de Gu\u00e9ret &#8211; Felletin : dimanche 31 ao\u00fbt le train du dernier jour"},"content":{"rendered":"<p>Apr\u00e8s la fermeture en 2014 du tron\u00e7on Laqueuille &#8211; Ussel (39,6 km) partie centrale de la ligne des Puys et donc la condamnation de l&rsquo;axe le plus direct Clermont-Ferrand Bordeaux par Brive, apr\u00e8s celle de la ligne des Combrailles Lapeyrouse Volvic en 2007, voici que le couperet tombe pour Felletin &#8211; Gu\u00e9ret d\u00e9j\u00e0 amput\u00e9 de sa partie sud vers La Courtine et Ussel en 1979.<\/p>\n<p>Au del\u00e0 du constat du d\u00e9sengagement progressif des services publics dans cette partie du grand Massif central, en Creuse, en Corr\u00e8ze et dans les territoires ruraux, il faut se poser une question : qu&rsquo;en est-il ici concr\u00e8tement de tous ces projets de \u00ab\u00a0trains l\u00e9gers innovants\u00a0\u00bb visant \u00e0 permettre l&rsquo;exploitation de ces lignes \u00e0 moindre co\u00fbt dont on nous gargarise H24 ? Les Telli et les Draisy de SNCF qui semblent uniquement avoir \u00e9t\u00e9 mis en place pour faire patienter \u00e9lus et citoyens alors que pendant que l&rsquo;on attend b\u00e9atement les axes ferroviaires du quotidien ferment.<\/p>\n<p>Autre scandale : l&rsquo;Etat rejette la responsabilit\u00e9 de la fermeture sur la r\u00e9gion Nouvelle Aquitaine, fautive de ne pas vouloir \/ pouvoir investir sur l&rsquo;infrastructure ! Nous le r\u00e9p\u00e9tons, <strong>ce jeu de la patate chaude a assez dur\u00e9 !<\/strong> L&rsquo;infrastructure ferroviaire qui fait partie du R\u00e9seau ferr\u00e9 national DOIT \u00eatre financ\u00e9 par l&rsquo;Etat et\/ou la SNCF. Ou alors qu&rsquo;ils confient aussi toutes les lignes RENTABLES aux r\u00e9gions et pas uniquement les \u00ab\u00a0petites\u00a0\u00bb dont on conna\u00eet l&rsquo;\u00e9tat d\u00e9plorable faute de maintenance et de modernisation de SNCF R\u00e9seau.<\/p>\n<p><image4068|center><\/p>\n<p>Felletin Busseau-sur-Creuse va donc fermer, suspendu selon SNCF R\u00e9seau mais on en conna\u00eet les lugubres objectifs, ce dimanche. Rendons un ultime hommage aux petites lignes de \u00ab\u00a0l&rsquo;axe du vide\u00a0\u00bb comme le centralisme parisien se pla\u00eet \u00e0 nous d\u00e9crire, en venant festoyer ensemble \u00e0 Felletin, c&rsquo;est toujours \u00e7a qu&rsquo;ils n&rsquo;auront pas. Nous y serons et vous en verrez les meilleures images.<\/p>\n<p><strong>Voici d&rsquo;ailleurs les horaires r\u00e9guliers du dernier jour (sous r\u00e9serve de modifications) :<br \/>\n<\/strong><\/p>\n<p>Num\u00e9ro de circulation : 868724<\/p>\n<p>10H28 Gu\u00e9ret<br \/>\n10H40 Busseau-sur-Creuse<br \/>\n10H50 Lavaveix-les-Mines<br \/>\n11H07 Aubusson<br \/>\n11H19 Felletin<\/p>\n<p>Num\u00e9ro de circulation : 868716<\/p>\n<p>18H20 Gu\u00e9ret<br \/>\n18H32 Busseau-sur-Creuse<br \/>\n18H41 Lavaveix-les-Mines<br \/>\n18H58 Aubusson<br \/>\n19H10 Felletin<\/p>\n<p>Num\u00e9ro de circulation : 868726<\/p>\n<p>17H28 Felletin<br \/>\n17H39 Aubusson<br \/>\n17H56 Lavaveix-les-Mines<br \/>\n18H06 Busseau-sur-Creuse<br \/>\n18H19 Gu\u00e9ret<\/p>\n<p>Un site \u00e0 consulter, celui des autorails creusois qui y organise des voyages touristiques notamment ce jeudi 28 ao\u00fbt :<br \/>\n<a href=\"http:\/\/autorail-creusois.fr\">http:\/\/autorail-creusois.fr<\/a><\/p>\n<p>Notre <a href=\"https:\/\/usagers-transports.haut-allier.eu\/?massif-central-la-ligne-ter-gueret,1175.html\"><em>pr\u00e9c\u00e9dent article<\/em><\/a> sur cette fermeture.<\/p>\n","protected":false},"excerpt":{"rendered":"<p>Apr\u00e8s la fermeture en 2014 du tron\u00e7on Laqueuille &#8211; Ussel (39,6 km) partie centrale de la ligne des<\/p>\n","protected":false},"author":1,"featured_media":5614,"comment_status":"open","ping_status":"open","sticky":false,"template":"","format":"standard","meta":{"footnotes":""},"categories":[5],"tags":[],"class_list":["post-1229","post","type-post","status-publish","format-standard","has-post-thumbnail","hentry","category-ensemble"],"_links":{"self":[{"href":"https:\/\/usagers-transports.haut-allier.eu\/index.php\/wp-json\/wp\/v2\/posts\/1229","targetHints":{"allow":["GET"]}}],"collection":[{"href":"https:\/\/usagers-transports.haut-allier.eu\/index.php\/wp-json\/wp\/v2\/posts"}],"about":[{"href":"https:\/\/usagers-transports.haut-allier.eu\/index.php\/wp-json\/wp\/v2\/types\/post"}],"author":[{"embeddable":true,"href":"https:\/\/usagers-transports.haut-allier.eu\/index.php\/wp-json\/wp\/v2\/users\/1"}],"replies":[{"embeddable":true,"href":"https:\/\/usagers-transports.haut-allier.eu\/index.php\/wp-json\/wp\/v2\/comments?post=1229"}],"version-history":[{"count":0,"href":"https:\/\/usagers-transports.haut-allier.eu\/index.php\/wp-json\/wp\/v2\/posts\/1229\/revisions"}],"wp:featuredmedia":[{"embeddable":true,"href":"https:\/\/usagers-transports.haut-allier.eu\/index.php\/wp-json\/wp\/v2\/media\/5614"}],"wp:attachment":[{"href":"https:\/\/usagers-transports.haut-allier.eu\/index.php\/wp-json\/wp\/v2\/media?parent=1229"}],"wp:term":[{"taxonomy":"category","embeddable":true,"href":"https:\/\/usagers-transports.haut-allier.eu\/index.php\/wp-json\/wp\/v2\/categories?post=1229"},{"taxonomy":"post_tag","embeddable":true,"href":"https:\/\/usagers-transports.haut-allier.eu\/index.php\/wp-json\/wp\/v2\/tags?post=1229"}],"curies":[{"name":"wp","href":"https:\/\/api.w.org\/{rel}","templated":true}]}}