{"id":123,"date":"2014-03-12T10:26:01","date_gmt":"2014-03-12T09:26:01","guid":{"rendered":"http:\/\/5.45.101.177\/haut-allier\/usagers-transportse\/index.php\/2014\/03\/12\/promos-intercites-et-reservations123\/"},"modified":"2014-03-12T10:26:01","modified_gmt":"2014-03-12T09:26:01","slug":"promos-intercites-et-reservations123","status":"publish","type":"post","link":"https:\/\/usagers-transports.haut-allier.eu\/index.php\/2014\/03\/12\/promos-intercites-et-reservations123\/","title":{"rendered":"Promos Intercit\u00e9s et r\u00e9servations : le train C\u00e9venol toujours exclu par la SNCF !"},"content":{"rendered":"<p>Certains viennent de recevoir dans leur boite \u00e0 mails un publipostage de promotion all\u00e9chant de part de la SNCF. Miamm&#8230;<\/p>\n<p>[(<br \/>\n<strong> <em>Du 11 au 17 mars 2014, INTERCIT\u00c9S met en vente sur Internet 200 000 billets \u00e0 petits prix pour des voyages du 14 mars au 28 avril 2014 vers plus de 300 destinations en France.<\/em> <\/strong><br \/>\n)]<\/p>\n<p>On se pr\u00e9cipite alors sur le site qui va bien :<\/p>\n<p><a href=\"http:\/\/www.intercites.sncf.com\">www.intercites.sncf.com<\/a><\/p>\n<p><img decoding=\"async\" src=\"IMG\/jpg\/capture1.jpg\" alt=\"capture1.jpg\" align=\"center\" \/><\/p>\n<p>Et on recherche vite un Clermont-Ferrand Marseille qui nous est annonc\u00e9 pour \u00eatre inclus dans les promotions, et oui pour le webmestre SNCF le C\u00e9venol court toujours vers Marseille malgr\u00e9 les d\u00e9cisions de P\u00e9py de l&rsquo;arr\u00eater \u00e0 N\u00eemes depuis plus d&rsquo;un an maintenant&#8230; <\/p>\n<p><img decoding=\"async\" src=\"IMG\/jpg\/capture2.jpg\" alt=\"capture2.jpg\" align=\"center\" \/><\/p>\n<p>Cliquons donc sur le Clermont Marseille promis. Ca tombe bien on doit pr\u00e9voir un voyage le jeudi 20 mars prochain ! A nous les promos ! Pour une fois. Et l\u00e0&#8230;<\/p>\n<p><img decoding=\"async\" src=\"IMG\/jpg\/capture3.jpg\" alt=\"capture3.jpg\" align=\"center\" \/><\/p>\n<p>Oh&#8230; la destination de Marseille ou m\u00eame de N\u00eemes<strong> n&rsquo;appara\u00eet pas<\/strong>.<br \/>\n&nbsp;<br \/>\n[**<strong>Merci merveilleuse, grande et formidable SNCF de ne pas vouloir faire la promotion des trains que tu critiques pour ne pas \u00eatre suffisamment pleins !<\/strong>*]<\/p>\n","protected":false},"excerpt":{"rendered":"<p>Certains viennent de recevoir dans leur boite \u00e0 mails un publipostage de promotion all\u00e9chant de part de la<\/p>\n","protected":false},"author":1,"featured_media":0,"comment_status":"closed","ping_status":"open","sticky":false,"template":"","format":"standard","meta":{"footnotes":""},"categories":[2],"tags":[],"class_list":["post-123","post","type-post","status-publish","format-standard","hentry","category-infos"],"_links":{"self":[{"href":"https:\/\/usagers-transports.haut-allier.eu\/index.php\/wp-json\/wp\/v2\/posts\/123","targetHints":{"allow":["GET"]}}],"collection":[{"href":"https:\/\/usagers-transports.haut-allier.eu\/index.php\/wp-json\/wp\/v2\/posts"}],"about":[{"href":"https:\/\/usagers-transports.haut-allier.eu\/index.php\/wp-json\/wp\/v2\/types\/post"}],"author":[{"embeddable":true,"href":"https:\/\/usagers-transports.haut-allier.eu\/index.php\/wp-json\/wp\/v2\/users\/1"}],"replies":[{"embeddable":true,"href":"https:\/\/usagers-transports.haut-allier.eu\/index.php\/wp-json\/wp\/v2\/comments?post=123"}],"version-history":[{"count":0,"href":"https:\/\/usagers-transports.haut-allier.eu\/index.php\/wp-json\/wp\/v2\/posts\/123\/revisions"}],"wp:attachment":[{"href":"https:\/\/usagers-transports.haut-allier.eu\/index.php\/wp-json\/wp\/v2\/media?parent=123"}],"wp:term":[{"taxonomy":"category","embeddable":true,"href":"https:\/\/usagers-transports.haut-allier.eu\/index.php\/wp-json\/wp\/v2\/categories?post=123"},{"taxonomy":"post_tag","embeddable":true,"href":"https:\/\/usagers-transports.haut-allier.eu\/index.php\/wp-json\/wp\/v2\/tags?post=123"}],"curies":[{"name":"wp","href":"https:\/\/api.w.org\/{rel}","templated":true}]}}