{"id":1230,"date":"2025-08-26T16:13:20","date_gmt":"2025-08-26T14:13:20","guid":{"rendered":"http:\/\/5.45.101.177\/haut-allier\/usagers-transportse\/index.php\/2025\/08\/26\/travaux-et-coupures-annuels-sur-la1230\/"},"modified":"2025-08-26T16:13:20","modified_gmt":"2025-08-26T14:13:20","slug":"travaux-et-coupures-annuels-sur-la1230","status":"publish","type":"post","link":"https:\/\/usagers-transports.haut-allier.eu\/index.php\/2025\/08\/26\/travaux-et-coupures-annuels-sur-la1230\/","title":{"rendered":"Travaux et coupures annuels sur la ligne des C\u00e9vennes : la propagande de SNCF R\u00e9seau"},"content":{"rendered":"<p>Cela nous avait \u00e9chapp\u00e9 mais SNCF R\u00e9seau a publi\u00e9 en juin dernier, en fin de coupure des circulations, 4 mois cette ann\u00e9e excusez du peu, une belle vid\u00e9o pour nous informer qu&rsquo;avec 10 M d&rsquo;euros (50% de la r\u00e9gion Auvergne Rh\u00f4ne Alpes, 8,5% de SNCF R\u00e9seau et le reste par l&rsquo;Etat) ils avaient r\u00e9alis\u00e9 de bien beaux travaux, malheureusement <strong>toujours dans le but de MAINTENIR l&rsquo;\u00e9tat, pitoyable, de la ligne des C\u00e9vennes<\/strong> sur sa partie Langogne Langeac. (voir \u00e0 28 secondes du d\u00e9but).<\/p>\n<p><strong>A quand l&rsquo;am\u00e9lioration ?<\/p>\n<p>A quand la modernisation ?<\/p>\n<p>A quand la fin des p\u00e9tassages ?<\/p>\n<p>A quand les travaux sans coupure compl\u00e8te de plusieurs mois tous les ans depuis 15 ans ? <\/strong> <\/p>\n<p>Quand on n&rsquo;est pas capable de relever les vitesses limit\u00e9es temporairement \u00e0 30 puis 40 durant 25 km depuis 2008, quand on n&rsquo;est pas capable de garantir un fonctionnement toute l&rsquo;ann\u00e9e aux usagers, on \u00e9vite de se la jouer grands travaux de modernisation, on fait profil bas.<\/p>\n<p>Entendons nous bien qu&rsquo;il y est des travaux en permanence cela nous convient mais que ceux-ci soient port\u00e9s sur le renouvellement complet des voies, la modernisation de la signalisation afin de moderniser cette ligne. Marre des travaux de rafistolage ! Et c&rsquo;est le sentiment de tous ici dans les gorges de l&rsquo;Allier.<\/p>\n<p>Allez, un peu de propagande :<\/p>\n<p><iframe loading=\"lazy\" width=\"560\" height=\"315\" src=\"https:\/\/www.youtube.com\/embed\/RcrVNPB1hY0?si=lC3M2nPdW1pK1lr2\" title=\"YouTube video player\" frameborder=\"0\" allow=\"accelerometer; autoplay; clipboard-write; encrypted-media; gyroscope; picture-in-picture; web-share\" referrerpolicy=\"strict-origin-when-cross-origin\" allowfullscreen><\/iframe><\/p>\n","protected":false},"excerpt":{"rendered":"<p>Cela nous avait \u00e9chapp\u00e9 mais SNCF R\u00e9seau a publi\u00e9 en juin dernier, en fin de coupure des circulations,<\/p>\n","protected":false},"author":2,"featured_media":5615,"comment_status":"open","ping_status":"open","sticky":false,"template":"","format":"standard","meta":{"footnotes":""},"categories":[2],"tags":[],"class_list":["post-1230","post","type-post","status-publish","format-standard","has-post-thumbnail","hentry","category-infos"],"_links":{"self":[{"href":"https:\/\/usagers-transports.haut-allier.eu\/index.php\/wp-json\/wp\/v2\/posts\/1230","targetHints":{"allow":["GET"]}}],"collection":[{"href":"https:\/\/usagers-transports.haut-allier.eu\/index.php\/wp-json\/wp\/v2\/posts"}],"about":[{"href":"https:\/\/usagers-transports.haut-allier.eu\/index.php\/wp-json\/wp\/v2\/types\/post"}],"author":[{"embeddable":true,"href":"https:\/\/usagers-transports.haut-allier.eu\/index.php\/wp-json\/wp\/v2\/users\/2"}],"replies":[{"embeddable":true,"href":"https:\/\/usagers-transports.haut-allier.eu\/index.php\/wp-json\/wp\/v2\/comments?post=1230"}],"version-history":[{"count":0,"href":"https:\/\/usagers-transports.haut-allier.eu\/index.php\/wp-json\/wp\/v2\/posts\/1230\/revisions"}],"wp:featuredmedia":[{"embeddable":true,"href":"https:\/\/usagers-transports.haut-allier.eu\/index.php\/wp-json\/wp\/v2\/media\/5615"}],"wp:attachment":[{"href":"https:\/\/usagers-transports.haut-allier.eu\/index.php\/wp-json\/wp\/v2\/media?parent=1230"}],"wp:term":[{"taxonomy":"category","embeddable":true,"href":"https:\/\/usagers-transports.haut-allier.eu\/index.php\/wp-json\/wp\/v2\/categories?post=1230"},{"taxonomy":"post_tag","embeddable":true,"href":"https:\/\/usagers-transports.haut-allier.eu\/index.php\/wp-json\/wp\/v2\/tags?post=1230"}],"curies":[{"name":"wp","href":"https:\/\/api.w.org\/{rel}","templated":true}]}}