{"id":1231,"date":"2025-08-29T13:30:10","date_gmt":"2025-08-29T11:30:10","guid":{"rendered":"http:\/\/5.45.101.177\/haut-allier\/usagers-transportse\/index.php\/2025\/08\/29\/ligne-touristique-velay-express1231\/"},"modified":"2025-08-29T13:30:10","modified_gmt":"2025-08-29T11:30:10","slug":"ligne-touristique-velay-express1231","status":"publish","type":"post","link":"https:\/\/usagers-transports.haut-allier.eu\/index.php\/2025\/08\/29\/ligne-touristique-velay-express1231\/","title":{"rendered":"Ligne touristique \u00ab\u00a0Velay &#8211; Express\u00a0\u00bb : appel \u00e0 participation pour l&rsquo;am\u00e9nagement d&rsquo;un wagon"},"content":{"rendered":"<p>Plus active \u00e0 la belle saison, l&rsquo;association vous emm\u00e8ne entre Ard\u00e8che et Haute-Loire, \u00e0 travers prairies et for\u00eats, pour d\u00e9couvrir au rythme lent des trains d\u2019autrefois, le plateau du Velay, les gorges du Lignon et le Pays de Saint-Agr\u00e8ve au pied des Mont M\u00e9zenc et Gerbier de Joncs, source de la Loire.<\/p>\n<p>Soucieuse de l&rsquo;acc\u00e8s de leurs trains aux personnes \u00e0 mobilit\u00e9 r\u00e9duite ou porteuses d&rsquo;un handicap, elle veut am\u00e9nager une voiture avec cette adaptation. Ceci est co\u00fbteux, et elle organise donc un <strong>\u00ab\u00a0Train de la solidarit\u00e9\u00a0\u00bb le samedi 6 septembre<\/strong>  <\/p>\n<p>D\u00e9part de la randonn\u00e9e \u00e0 10h00 gare de Raucoules, repas sorti du sac, et voyage en train vapeur jusqu&rsquo;\u00e0 Tence d\u00e9part 14h30. Tous les b\u00e9n\u00e9fices de la journ\u00e9e seront consacr\u00e9s \u00e0 l&rsquo;am\u00e9nagement de la voiture PMR pr\u00e9cise l&rsquo;association.<\/p>\n<p><image4069|center><\/p>\n<p><strong>Le contact :<\/strong><\/p>\n<p>La gare<br \/>\nLieu dit Oumey<br \/>\n43290 RAUCOULES<br \/>\nt\u00e9l\u00e9phone : 04 71 59 68 06<br \/>\n<a href=\"https:\/\/velay-express.fr\">velay-express.fr<\/a><\/p>\n","protected":false},"excerpt":{"rendered":"<p>Plus active \u00e0 la belle saison, l&rsquo;association vous emm\u00e8ne entre Ard\u00e8che et Haute-Loire, \u00e0 travers prairies et for\u00eats,<\/p>\n","protected":false},"author":2,"featured_media":5616,"comment_status":"open","ping_status":"open","sticky":false,"template":"","format":"standard","meta":{"footnotes":""},"categories":[3],"tags":[],"class_list":["post-1231","post","type-post","status-publish","format-standard","has-post-thumbnail","hentry","category-en-train"],"_links":{"self":[{"href":"https:\/\/usagers-transports.haut-allier.eu\/index.php\/wp-json\/wp\/v2\/posts\/1231","targetHints":{"allow":["GET"]}}],"collection":[{"href":"https:\/\/usagers-transports.haut-allier.eu\/index.php\/wp-json\/wp\/v2\/posts"}],"about":[{"href":"https:\/\/usagers-transports.haut-allier.eu\/index.php\/wp-json\/wp\/v2\/types\/post"}],"author":[{"embeddable":true,"href":"https:\/\/usagers-transports.haut-allier.eu\/index.php\/wp-json\/wp\/v2\/users\/2"}],"replies":[{"embeddable":true,"href":"https:\/\/usagers-transports.haut-allier.eu\/index.php\/wp-json\/wp\/v2\/comments?post=1231"}],"version-history":[{"count":0,"href":"https:\/\/usagers-transports.haut-allier.eu\/index.php\/wp-json\/wp\/v2\/posts\/1231\/revisions"}],"wp:featuredmedia":[{"embeddable":true,"href":"https:\/\/usagers-transports.haut-allier.eu\/index.php\/wp-json\/wp\/v2\/media\/5616"}],"wp:attachment":[{"href":"https:\/\/usagers-transports.haut-allier.eu\/index.php\/wp-json\/wp\/v2\/media?parent=1231"}],"wp:term":[{"taxonomy":"category","embeddable":true,"href":"https:\/\/usagers-transports.haut-allier.eu\/index.php\/wp-json\/wp\/v2\/categories?post=1231"},{"taxonomy":"post_tag","embeddable":true,"href":"https:\/\/usagers-transports.haut-allier.eu\/index.php\/wp-json\/wp\/v2\/tags?post=1231"}],"curies":[{"name":"wp","href":"https:\/\/api.w.org\/{rel}","templated":true}]}}