{"id":1233,"date":"2025-09-07T11:17:25","date_gmt":"2025-09-07T09:17:25","guid":{"rendered":"http:\/\/5.45.101.177\/haut-allier\/usagers-transportse\/index.php\/2025\/09\/07\/trains-de-nuit-destination-trains1233\/"},"modified":"2025-09-07T11:17:25","modified_gmt":"2025-09-07T09:17:25","slug":"trains-de-nuit-destination-trains1233","status":"publish","type":"post","link":"https:\/\/usagers-transports.haut-allier.eu\/index.php\/2025\/09\/07\/trains-de-nuit-destination-trains1233\/","title":{"rendered":"Destination trains de nuit organisait son AG \u00e0 Cahors"},"content":{"rendered":"<p>Nous \u00e9tions convi\u00e9s dans le sud-ouest \u00e0 Cahors (Lot) pour l&rsquo;assembl\u00e9e g\u00e9n\u00e9rale de l&rsquo;association qui d\u00e9fend les trains de nuit. Le vendredi soir fut l&rsquo;occasion de saluer le passage du Toulouse Paris aux alentours de 23h30.<\/p>\n<p><image4072|center><br \/>\n<image4073|center> <\/p>\n<p>D\u00e8s le samedi matin 8h30 la r\u00e9union d\u00e9butait en pr\u00e9sence du maire de Cahors, du pr\u00e9sident du d\u00e9partement, de la pr\u00e9f\u00e8te du Lot, du s\u00e9nateur et du d\u00e9put\u00e9 locaux et du Vice-pr\u00e9sident aux transports de la r\u00e9gion Occitanie.<\/p>\n<p><image4076|center><br \/>\n<image4074|center><br \/>\n<image4075|center> <\/p>\n<p>Intervenaient \u00e9galement lors du d\u00e9bat Val\u00e9rie Rossi d\u00e9put\u00e9e des Hautes-Alpes et aussi pour r\u00e9pondre aux nombreux questionnements l\u00e9gitimes des citoyens SNCF Voyageurs Intercit\u00e9s avec Adam Janik et Christian Torrego.<\/p>\n<p><image4077|center> <\/p>\n<p>En r\u00e9sum\u00e9 tr\u00e8s peu de r\u00e9ponses satisfaisantes aux sollicitations, suggestions, \u00e9tonnements, ressentis de la salle. On a bien le sentiment qu&rsquo;il n&rsquo;y a pas de pilote et que l&rsquo;Etat n&rsquo;a pas de feuille de route concernant le train de nuit et le ferroviaire d&rsquo;ailleurs plus g\u00e9n\u00e9ralement dans le pays. L&rsquo;ensemble des intervenants s&rsquo;accorde sur un point : c&rsquo;est le minist\u00e8re du budget (Bercy) qui fait, par d\u00e9faut, la politique du transport ferroviaire en France.<\/p>\n<p>L&rsquo;ensemble de l&rsquo;AG est visible sur le <a href=\"https:\/\/destinationtrainsdenuit.eu\"><em>site DTN<\/em><\/a> et ci-dessous:<\/p>\n<p><iframe loading=\"lazy\" width=\"560\" height=\"315\" src=\"https:\/\/www.youtube.com\/embed\/k7CMsVERXls?si=u_8H6ZQHpyY03NSk\" title=\"YouTube video player\" frameborder=\"0\" allow=\"accelerometer; autoplay; clipboard-write; encrypted-media; gyroscope; picture-in-picture; web-share\" referrerpolicy=\"strict-origin-when-cross-origin\" allowfullscreen><\/iframe><\/p>\n<p>La journ\u00e9e se terminait par un circuit en p\u00e9niche sur le Lot ce qui nous permit d&rsquo;appr\u00e9cier sous le meilleur angle le Pont Valentr\u00e9, embl\u00e9matique de la cit\u00e9 cadurcienne.<\/p>\n<p><image4078|center> <\/p>\n<p>Un grand merci \u00e0 Jean-No\u00ebl Boisseleau (Urgence Ligne POLT) artisan de ces deux journ\u00e9es r\u00e9ussies.<\/p>\n","protected":false},"excerpt":{"rendered":"<p>Nous \u00e9tions convi\u00e9s dans le sud-ouest \u00e0 Cahors (Lot) pour l&rsquo;assembl\u00e9e g\u00e9n\u00e9rale de l&rsquo;association qui d\u00e9fend les trains<\/p>\n","protected":false},"author":2,"featured_media":5618,"comment_status":"closed","ping_status":"open","sticky":false,"template":"","format":"standard","meta":{"footnotes":""},"categories":[3],"tags":[],"class_list":["post-1233","post","type-post","status-publish","format-standard","has-post-thumbnail","hentry","category-en-train"],"_links":{"self":[{"href":"https:\/\/usagers-transports.haut-allier.eu\/index.php\/wp-json\/wp\/v2\/posts\/1233","targetHints":{"allow":["GET"]}}],"collection":[{"href":"https:\/\/usagers-transports.haut-allier.eu\/index.php\/wp-json\/wp\/v2\/posts"}],"about":[{"href":"https:\/\/usagers-transports.haut-allier.eu\/index.php\/wp-json\/wp\/v2\/types\/post"}],"author":[{"embeddable":true,"href":"https:\/\/usagers-transports.haut-allier.eu\/index.php\/wp-json\/wp\/v2\/users\/2"}],"replies":[{"embeddable":true,"href":"https:\/\/usagers-transports.haut-allier.eu\/index.php\/wp-json\/wp\/v2\/comments?post=1233"}],"version-history":[{"count":0,"href":"https:\/\/usagers-transports.haut-allier.eu\/index.php\/wp-json\/wp\/v2\/posts\/1233\/revisions"}],"wp:featuredmedia":[{"embeddable":true,"href":"https:\/\/usagers-transports.haut-allier.eu\/index.php\/wp-json\/wp\/v2\/media\/5618"}],"wp:attachment":[{"href":"https:\/\/usagers-transports.haut-allier.eu\/index.php\/wp-json\/wp\/v2\/media?parent=1233"}],"wp:term":[{"taxonomy":"category","embeddable":true,"href":"https:\/\/usagers-transports.haut-allier.eu\/index.php\/wp-json\/wp\/v2\/categories?post=1233"},{"taxonomy":"post_tag","embeddable":true,"href":"https:\/\/usagers-transports.haut-allier.eu\/index.php\/wp-json\/wp\/v2\/tags?post=1233"}],"curies":[{"name":"wp","href":"https:\/\/api.w.org\/{rel}","templated":true}]}}