{"id":1234,"date":"2025-09-17T09:03:01","date_gmt":"2025-09-17T07:03:01","guid":{"rendered":"http:\/\/5.45.101.177\/haut-allier\/usagers-transportse\/index.php\/2025\/09\/17\/ligne-des-cevennes-rassemblement1234\/"},"modified":"2025-09-17T09:03:01","modified_gmt":"2025-09-17T07:03:01","slug":"ligne-des-cevennes-rassemblement1234","status":"publish","type":"post","link":"https:\/\/usagers-transports.haut-allier.eu\/index.php\/2025\/09\/17\/ligne-des-cevennes-rassemblement1234\/","title":{"rendered":"Ligne des C\u00e9vennes : rassemblement le 4 octobre \u00e0 Langogne [MAJ]"},"content":{"rendered":"<p>Organis\u00e9 par l&rsquo;Association des Elus pour la D\u00e9fense du C\u00e9venol et de la ligne Paris &#8211; N\u00eemes, il aura lieu le samedi 04 octobre \u00e0 11h00, en gare de Langogne.<\/p>\n<p>Le but de cette rencontre est de faire un \u00e9tat des lieux de la ligne, de pr\u00e9senter les perspectives de travaux et de d\u00e9fendre son d\u00e9veloppement. A l&rsquo;heure de la transition \u00e9cologique et du d\u00e9senclavement des territoires, du n\u00e9cessaire investissement dans le r\u00e9seau ferroviaire, il est utile que nous fassions le point. <\/p>\n<p>L&rsquo;ensemble des adh\u00e9rents de l&rsquo;association est \u00e9galement convi\u00e9, ainsi que le collectif des Usagers du Haut-Allier.<\/p>\n<p>Ce rassemblement sera aussi l&rsquo;occasion d&rsquo;accueillir \u00e0 12h40 les usagers du C\u00e9venol Express dans le cadre du p\u00e9riple que l&rsquo;association du Train \u00e0 Vapeur d&rsquo;Auvergne organise les 04 et 05 octobre.<\/p>\n<p><image4089|center><\/p>\n<p><strong>Mise \u00e0 jour du 7 octobre 2025<\/strong><\/p>\n<p>Les retours presse :<\/p>\n<p>&#8211; <a href=\"https:\/\/www.midilibre.fr\/2025\/10\/04\/train-un-rassemblement-a-la-gare-pour-defendre-le-cevenol-sur-laxe-nimes-clermont-ferrand-paris-12971463.php#:&nbsp;:text=00%20%2F%2002%3A54-,L'Association%20des%20%C3%A9lus%20pour%20la%20d%C3%A9fense%20du%20C%C3%A9venol%20et,attendu%20un%20train%20%C3%A0%20vapeur.\">Midi Libre<\/a>.<br \/>\n&#8211; <a href=\"https:\/\/www.leveil.fr\/langogne-48300\/actualites\/il-y-a-50-ans-le-trajet-faisait-22-minutes-de-moins-elus-et-usagers-veulent-defendre-cette-ligne-sncf-qui-traverse-la-haute-loire_14760408\/\">L&rsquo;Eveil de Haute-Loire<\/a>.<\/p>\n","protected":false},"excerpt":{"rendered":"<p>Organis\u00e9 par l&rsquo;Association des Elus pour la D\u00e9fense du C\u00e9venol et de la ligne Paris &#8211; N\u00eemes, il<\/p>\n","protected":false},"author":2,"featured_media":5619,"comment_status":"closed","ping_status":"open","sticky":false,"template":"","format":"standard","meta":{"footnotes":""},"categories":[3],"tags":[],"class_list":["post-1234","post","type-post","status-publish","format-standard","has-post-thumbnail","hentry","category-en-train"],"_links":{"self":[{"href":"https:\/\/usagers-transports.haut-allier.eu\/index.php\/wp-json\/wp\/v2\/posts\/1234","targetHints":{"allow":["GET"]}}],"collection":[{"href":"https:\/\/usagers-transports.haut-allier.eu\/index.php\/wp-json\/wp\/v2\/posts"}],"about":[{"href":"https:\/\/usagers-transports.haut-allier.eu\/index.php\/wp-json\/wp\/v2\/types\/post"}],"author":[{"embeddable":true,"href":"https:\/\/usagers-transports.haut-allier.eu\/index.php\/wp-json\/wp\/v2\/users\/2"}],"replies":[{"embeddable":true,"href":"https:\/\/usagers-transports.haut-allier.eu\/index.php\/wp-json\/wp\/v2\/comments?post=1234"}],"version-history":[{"count":0,"href":"https:\/\/usagers-transports.haut-allier.eu\/index.php\/wp-json\/wp\/v2\/posts\/1234\/revisions"}],"wp:featuredmedia":[{"embeddable":true,"href":"https:\/\/usagers-transports.haut-allier.eu\/index.php\/wp-json\/wp\/v2\/media\/5619"}],"wp:attachment":[{"href":"https:\/\/usagers-transports.haut-allier.eu\/index.php\/wp-json\/wp\/v2\/media?parent=1234"}],"wp:term":[{"taxonomy":"category","embeddable":true,"href":"https:\/\/usagers-transports.haut-allier.eu\/index.php\/wp-json\/wp\/v2\/categories?post=1234"},{"taxonomy":"post_tag","embeddable":true,"href":"https:\/\/usagers-transports.haut-allier.eu\/index.php\/wp-json\/wp\/v2\/tags?post=1234"}],"curies":[{"name":"wp","href":"https:\/\/api.w.org\/{rel}","templated":true}]}}