{"id":1236,"date":"2025-10-07T13:06:28","date_gmt":"2025-10-07T11:06:28","guid":{"rendered":"http:\/\/5.45.101.177\/haut-allier\/usagers-transportse\/index.php\/2025\/10\/07\/centralisme-ferroviaire-francais1236\/"},"modified":"2026-09-01T16:11:15","modified_gmt":"2026-09-01T14:11:15","slug":"centralisme-ferroviaire-francais1236","status":"publish","type":"post","link":"https:\/\/usagers-transports.haut-allier.eu\/index.php\/2025\/10\/07\/centralisme-ferroviaire-francais1236\/","title":{"rendered":"Centralisme ferroviaire fran\u00e7ais : il y a 50 ans, avant le TGV, une desserte beaucoup plus \u00e9quilibr\u00e9e"},"content":{"rendered":"Qui n&rsquo;a pas pest\u00e9 contre le sch\u00e9ma des liaisons SNCF \u00ab\u00a0en \u00e9toile\u00a0\u00bb depuis Paris, obligeant les voyageurs d&rsquo;un point A hors \u00ab\u00a0\u00e9toile\u00a0\u00bb \u00e0 un point B ailleurs en France, \u00e0 fr\u00e9quenter obligatoirement la capitale et ses gares souvent distantes, en m\u00e9tro avec ses bagages, car c&rsquo;est tellement plus fun. Un \u00e9tat de fait \u00ab\u00a0incontestable et malheureux\u00a0\u00bb tellement cel\u00e0 nous para\u00eet naturel dans ce pays jacobin, centralis\u00e9, par excellence.\n\n<em>Carte du trafic ferroviaire publi\u00e9 par RFF (SNCF R\u00e9seau) en 2007<\/em>\n<image4098|center>\n\nEt bien on se trompe, il y a \u00e0 peine une cinquantaine d&rsquo;ann\u00e9es, au d\u00e9but des ann\u00e9es 1970, le sch\u00e9ma ferroviaire \u00e9tait nettement plus \u00e9quilibr\u00e9 entre les diff\u00e9rentes villes du pays. Alors que les lois de d\u00e9centralisation n&rsquo;\u00e9taient pas encore en place (premi\u00e8re en 1983) les usagers pouvaient se d\u00e9placer correctement d&rsquo;un point \u00e0 un autre du territoire. T\u00e9moin l&rsquo;indicateur horaire Chaix, organe officiel de la SNCF, dont voici dans l&rsquo;exemplaire de septembre 1971 la carte des \u00ab\u00a0Grandes relations\u00a0\u00bb.\n\n<image4095|center>\n\nQue constate-t-on ? L&rsquo;\u00e9toile ferroviaire parisienne n&rsquo;\u00e9tait pas la plus remarquable. Celles de Lyon, de Strasbourg, de Tours, de Bordeaux, de Limoges et Toulouse rivalisent d&rsquo;ampleur et d&rsquo;importance. Alors une question va se poser : qui est coupable ?\n\n<strong>Qui a demand\u00e9 \u00e0 la SNCF cette \u00ab\u00a0recentralisation\u00a0\u00bb ?<\/strong>\n\nEn d&rsquo;autres termes qui a demand\u00e9 \u00e0 la SNCF l&rsquo;abandon du r\u00e9seau \u00ab\u00a0historique\u00a0\u00bb en faveur du TGV ?\n\nOn peut-\u00eatre tent\u00e9 de r\u00e9pondre : \n\n&#8211; Personne, <strong>c&rsquo;est l&rsquo;entreprise SNCF<\/strong> elle m\u00eame qui a d\u00e9cid\u00e9, suivant ses propres convenances, techniques et financi\u00e8res, de favoriser le r\u00e9seau LGV, y compris ses tr\u00e8s ch\u00e8res gares TGV situ\u00e9es \u00e0 plusieurs (dizaines de) kilom\u00e8tres des gares centres, auxquelles les deniers publics auront du \u00eatre mobilis\u00e9s pour cr\u00e9er des acc\u00e8s en m\u00e9tro, en tramways, en bus.\n\n&#8211; <strong>C&rsquo;est l&rsquo;Etat<\/strong> et dans ce cas il faut d\u00e9signer le ou les responsables.\n\n&#8211; Ce sont <strong>les \u00e9lus locaux<\/strong> qui ont pr\u00e9f\u00e9r\u00e9 le TGV. Eux on peut r\u00e9pondre \u00e0 leur place : soit ils se sont fait berner par les discours des gouvernants, soit par le discours SNCF destin\u00e9s \u00e0 les rassurer. En d&rsquo;autres termes leur opinion n&rsquo;a jamais compt\u00e9 et l&rsquo;op\u00e9rateur historique a eu les coud\u00e9es franches et a fait ce qu&rsquo;il a voulu : supprimer les lignes qui \u00ab\u00a0l&#8217;embarassaient\u00a0\u00bb. \nOh il l&rsquo;a fait en prenant le temps, pour les \u00e9puiser, cr\u00e9ant m\u00eame en son sein des \u00ab\u00a0Directions r\u00e9gionales des relations avec les territoires et les \u00e9lus\u00a0\u00bb. Pour mieux faire passer les pilules, mieux leur faire avaler les couleuvres. \nLes couleuvres ce sont : les fermetures ou suspensions de lignes, de dessertes, les fermetures des guichets, les fermetures de gares, les changements de grilles horaires pour un service moins attractif, les pertes de correspondances, les trajets plus longs d\u00e9vi\u00e9s par Paris, les trains en sous capacit\u00e9, etc.\nDans tous les cas ce ne sont pas les maires, les pr\u00e9sidents d&rsquo;agglom\u00e9rations, les pr\u00e9sidents de d\u00e9partements qui ont voulu cette \u00ab\u00a0\u00e9volution vers le tout TGV\u00a0\u00bb. Nous les mettons hors de cause.\n\nIl reste deux possibles responsables. A vous de juger. A moins que ce ne soit les deux.\n\n<strong>Disparition des liaisons transversales<\/strong>\n\nQui dit desserte du pays en \u00e9toile depuis Paris sous-entend qu&rsquo;il n&rsquo;y a plus de liaisons transversales. Et l\u00e0 aussi la carte de l&rsquo;indicateur Chaix est tr\u00e8s parlante. On y voit par exemple une liaison Gen\u00e8ve &#8211; Bayonne qui n&rsquo;avait pas honte \u00e0 s&rsquo;effectuer via le Puy en Velay, Mende et Rodez, en passant par les gorges sauvages de l&rsquo;Allier sur la ligne des C\u00e9vennes, entre Saint-Georges d&rsquo;Aurac et Labastide St Laurent.\n\nCe sont toutes ces relations qui faisaient la richesse des pays travers\u00e9s. Sans compter la mise en place de trains de nuit un peu partout.\n\n<image4096|center>\n\nLes responsables de l&rsquo;abandon des lignes ferroviaires qu&rsquo;il y a 50 ans on appelait <em>\u00ab\u00a0Grandes relations\u00a0\u00bb<\/em> et que le gouvernement et la SNCF nomment maintenant \u00ab\u00a0Lignes de desserte fines\u00a0\u00bb et \u00ab\u00a0Petites lignes\u00a0\u00bb auront la mort des territoires ruraux sur leur conscience. \n\nDans beaucoup de pays europ\u00e9ens les choses ne se sont pas pass\u00e9es aussi brutalement. Et ce sont eux qui nous donnent l&rsquo;exemple actuellement : la Suisse, l&rsquo;Italie, l&rsquo;Autriche&#8230;\n\nOn pourra lire l&rsquo;\u00e9difiant article de <em>RailDuSud<\/em> de mai 2024 : \n<a href=\"https:\/\/raildusud.canalblog.com\/-0\"><em>LGV, d\u00e9maillage : la recentralisation du r\u00e9seau ferroviaire fran\u00e7ais tourne \u00e0 l\u2019exclusion des relations hors Paris<\/em><\/a>\nqui publiait ceci :\n<image4099|center>\n\n&nbsp;\n&nbsp;\n&nbsp;\n<p>&nbsp;<\/p>\n\n\t<figure class=\"wp-block-gallery columns-1 is-cropped wp-block-gallery-1 is-layout-flex wp-block-gallery-is-layout-flex\">\n\t\t<ul class=\"blocks-gallery-grid\">\n\t\t\t<li class=\"blocks-gallery-item\">\n\t\t\t\t<figure>\n\t\t\t\t\t\t\t\t\t\t\t<img loading=\"lazy\" decoding=\"async\" width=\"2560\" height=\"1811\" src=\"http:\/\/5.45.101.177\/haut-allier\/usagers-transportse\/wp-content\/uploads\/2025\/10\/railway_map_of_france_-_2020_-_fr_-_large.svg_.png\"\n\t\t\t\t\t\t alt=\"railway_map_of_france_-_2020_-_fr_-_large.svg.png\"\n\t\t\t\t\t\t data-id=\"5622\"\n\t\t\t\t\t\t data-full-url=\"http:\/\/5.45.101.177\/haut-allier\/usagers-transportse\/wp-content\/uploads\/2025\/10\/railway_map_of_france_-_2020_-_fr_-_large.svg_.png\"\n\t\t\t\t\t\t data-link=\"http:\/\/5.45.101.177\/haut-allier\/usagers-transportse\/attachment-railway_map_of_france_-_2020_-_fr_-_large-svg-png\/\"\n\t\t\t\t\t\t class=\"wp-image-5622\" srcset=\"https:\/\/usagers-transports.haut-allier.eu\/wp-content\/uploads\/2025\/10\/railway_map_of_france_-_2020_-_fr_-_large.svg_.png 2560w, https:\/\/usagers-transports.haut-allier.eu\/wp-content\/uploads\/2025\/10\/railway_map_of_france_-_2020_-_fr_-_large.svg_-300x212.png 300w, https:\/\/usagers-transports.haut-allier.eu\/wp-content\/uploads\/2025\/10\/railway_map_of_france_-_2020_-_fr_-_large.svg_-1024x724.png 1024w, https:\/\/usagers-transports.haut-allier.eu\/wp-content\/uploads\/2025\/10\/railway_map_of_france_-_2020_-_fr_-_large.svg_-768x543.png 768w, https:\/\/usagers-transports.haut-allier.eu\/wp-content\/uploads\/2025\/10\/railway_map_of_france_-_2020_-_fr_-_large.svg_-1536x1087.png 1536w, https:\/\/usagers-transports.haut-allier.eu\/wp-content\/uploads\/2025\/10\/railway_map_of_france_-_2020_-_fr_-_large.svg_-2048x1449.png 2048w\" sizes=\"auto, (max-width: 2560px) 100vw, 2560px\" \/>\n\t\t\t\t<\/figure>\n\t\t\t<\/li>\n\t\t<\/ul>\n\t<\/figure>\n","protected":false},"excerpt":{"rendered":"<p>Qui n&rsquo;a pas pest\u00e9 contre le sch\u00e9ma des liaisons SNCF \u00ab\u00a0en \u00e9toile\u00a0\u00bb depuis Paris, obligeant les voyageurs d&rsquo;un<\/p>\n","protected":false},"author":2,"featured_media":5621,"comment_status":"open","ping_status":"open","sticky":false,"template":"","format":"standard","meta":{"footnotes":""},"categories":[3],"tags":[],"class_list":["post-1236","post","type-post","status-publish","format-standard","has-post-thumbnail","hentry","category-en-train"],"_links":{"self":[{"href":"https:\/\/usagers-transports.haut-allier.eu\/index.php\/wp-json\/wp\/v2\/posts\/1236","targetHints":{"allow":["GET"]}}],"collection":[{"href":"https:\/\/usagers-transports.haut-allier.eu\/index.php\/wp-json\/wp\/v2\/posts"}],"about":[{"href":"https:\/\/usagers-transports.haut-allier.eu\/index.php\/wp-json\/wp\/v2\/types\/post"}],"author":[{"embeddable":true,"href":"https:\/\/usagers-transports.haut-allier.eu\/index.php\/wp-json\/wp\/v2\/users\/2"}],"replies":[{"embeddable":true,"href":"https:\/\/usagers-transports.haut-allier.eu\/index.php\/wp-json\/wp\/v2\/comments?post=1236"}],"version-history":[{"count":1,"href":"https:\/\/usagers-transports.haut-allier.eu\/index.php\/wp-json\/wp\/v2\/posts\/1236\/revisions"}],"predecessor-version":[{"id":5623,"href":"https:\/\/usagers-transports.haut-allier.eu\/index.php\/wp-json\/wp\/v2\/posts\/1236\/revisions\/5623"}],"wp:featuredmedia":[{"embeddable":true,"href":"https:\/\/usagers-transports.haut-allier.eu\/index.php\/wp-json\/wp\/v2\/media\/5621"}],"wp:attachment":[{"href":"https:\/\/usagers-transports.haut-allier.eu\/index.php\/wp-json\/wp\/v2\/media?parent=1236"}],"wp:term":[{"taxonomy":"category","embeddable":true,"href":"https:\/\/usagers-transports.haut-allier.eu\/index.php\/wp-json\/wp\/v2\/categories?post=1236"},{"taxonomy":"post_tag","embeddable":true,"href":"https:\/\/usagers-transports.haut-allier.eu\/index.php\/wp-json\/wp\/v2\/tags?post=1236"}],"curies":[{"name":"wp","href":"https:\/\/api.w.org\/{rel}","templated":true}]}}