{"id":1239,"date":"2025-10-18T16:28:06","date_gmt":"2025-10-18T14:28:06","guid":{"rendered":"http:\/\/5.45.101.177\/haut-allier\/usagers-transportse\/index.php\/2025\/10\/18\/ligne-d-ales-a-besseges-le-train-n1239\/"},"modified":"2026-09-01T16:11:16","modified_gmt":"2026-09-01T14:11:16","slug":"ligne-d-ales-a-besseges-le-train-n1239","status":"publish","type":"post","link":"https:\/\/usagers-transports.haut-allier.eu\/index.php\/2025\/10\/18\/ligne-d-ales-a-besseges-le-train-n1239\/","title":{"rendered":"Ligne d&rsquo;Al\u00e8s \u00e0 Bess\u00e8ges : le train n&rsquo;y arrivera qu&rsquo;en 2030 et \u00e0 Saint-Ambroix en 2028"},"content":{"rendered":"Le comit\u00e9 de pilotage de la ligne de chemin de fer Al\u00e8s-Bess\u00e8ges s&rsquo;est tenu vendredi 10 octobre. Jean-Luc Gibelin, vice-pr\u00e9sident de la r\u00e9gion Occitanie, pr\u00e9sentait un calendrier en deux phases : l&rsquo;une finalisant la ligne d&rsquo;Al\u00e8s \u00e0 Saint-Ambroix en 2028, l&rsquo;autre de Saint-Ambroix \u00e0 Bess\u00e8ges, en 2030. \n\nD\u00e9lais sans cesse report\u00e9s et d\u00e9ception pour les \u00e9lus \u00e9videmment surtout de Bess\u00e8ges qui indiquent que <em>\u00ab\u00a0la commune est sous oxyg\u00e8ne et les bonbonnes seront vides en 2030<\/em>\u00a0\u00bb et pour le collectif de d\u00e9fense de la ligne qui rappelle que les premi\u00e8res r\u00e9unions de travail ont eu lieu en 2016, tandis que la R\u00e9gion se d\u00e9bat encore dans les \u00e9tudes environnementales. Et on sait que les proc\u00e9dures sont extr\u00eamement complexes, il s&rsquo;agit de dossiers de plusieurs centaines de pages.\n\nLes p\u00f4les d&rsquo;\u00e9changes multimodaux (PEM) dans les gares du parcours, quant \u00e0 eux, progressent. \n\nVoici l&rsquo;<a href=\"https:\/\/www.objectifgard.com\/actualites\/ales-besseges-le-train-arrivera-en-2028-a-saint-ambroix-en-2030-a-besseges-154306.php\"><em>article complet<\/em><\/a> d&rsquo;Objectif Gard du 17 octobre :\n\n<img loading=\"lazy\" decoding=\"async\" class=\" aligncenter size-full wp-image-5625\" src=\"http:\/\/5.45.101.177\/haut-allier\/usagers-transportse\/wp-content\/uploads\/2025\/10\/objectifgardastab-scaled.jpg\" alt=\"objectifgardastab.jpg\" align=\"center\" width=\"729\" height=\"2560\" srcset=\"https:\/\/usagers-transports.haut-allier.eu\/wp-content\/uploads\/2025\/10\/objectifgardastab-scaled.jpg 729w, https:\/\/usagers-transports.haut-allier.eu\/wp-content\/uploads\/2025\/10\/objectifgardastab-437x1536.jpg 437w, https:\/\/usagers-transports.haut-allier.eu\/wp-content\/uploads\/2025\/10\/objectifgardastab-583x2048.jpg 583w\" sizes=\"auto, (max-width: 729px) 100vw, 729px\" \/>\n\n\n\n<p>&nbsp;<\/p>\n\n\t<figure class=\"wp-block-gallery columns-1 is-cropped wp-block-gallery-1 is-layout-flex wp-block-gallery-is-layout-flex\">\n\t\t<ul class=\"blocks-gallery-grid\">\n\t\t\t<li class=\"blocks-gallery-item\">\n\t\t\t\t<figure>\n\t\t\t\t\t\t\t\t\t\t\t<img loading=\"lazy\" decoding=\"async\" width=\"747\" height=\"768\" src=\"http:\/\/5.45.101.177\/haut-allier\/usagers-transportse\/wp-content\/uploads\/2025\/10\/astab20282030.jpg\"\n\t\t\t\t\t\t alt=\"astab20282030.jpg\"\n\t\t\t\t\t\t data-id=\"5626\"\n\t\t\t\t\t\t data-full-url=\"http:\/\/5.45.101.177\/haut-allier\/usagers-transportse\/wp-content\/uploads\/2025\/10\/astab20282030.jpg\"\n\t\t\t\t\t\t data-link=\"http:\/\/5.45.101.177\/haut-allier\/usagers-transportse\/attachment-astab20282030-jpg\/\"\n\t\t\t\t\t\t class=\"wp-image-5626\" srcset=\"https:\/\/usagers-transports.haut-allier.eu\/wp-content\/uploads\/2025\/10\/astab20282030.jpg 747w, https:\/\/usagers-transports.haut-allier.eu\/wp-content\/uploads\/2025\/10\/astab20282030-292x300.jpg 292w\" sizes=\"auto, (max-width: 747px) 100vw, 747px\" \/>\n\t\t\t\t<\/figure>\n\t\t\t<\/li>\n\t\t<\/ul>\n\t<\/figure>\n","protected":false},"excerpt":{"rendered":"<p>Le comit\u00e9 de pilotage de la ligne de chemin de fer Al\u00e8s-Bess\u00e8ges s&rsquo;est tenu vendredi 10 octobre. Jean-Luc<\/p>\n","protected":false},"author":2,"featured_media":5625,"comment_status":"closed","ping_status":"open","sticky":false,"template":"","format":"standard","meta":{"footnotes":""},"categories":[3],"tags":[],"class_list":["post-1239","post","type-post","status-publish","format-standard","has-post-thumbnail","hentry","category-en-train"],"_links":{"self":[{"href":"https:\/\/usagers-transports.haut-allier.eu\/index.php\/wp-json\/wp\/v2\/posts\/1239","targetHints":{"allow":["GET"]}}],"collection":[{"href":"https:\/\/usagers-transports.haut-allier.eu\/index.php\/wp-json\/wp\/v2\/posts"}],"about":[{"href":"https:\/\/usagers-transports.haut-allier.eu\/index.php\/wp-json\/wp\/v2\/types\/post"}],"author":[{"embeddable":true,"href":"https:\/\/usagers-transports.haut-allier.eu\/index.php\/wp-json\/wp\/v2\/users\/2"}],"replies":[{"embeddable":true,"href":"https:\/\/usagers-transports.haut-allier.eu\/index.php\/wp-json\/wp\/v2\/comments?post=1239"}],"version-history":[{"count":1,"href":"https:\/\/usagers-transports.haut-allier.eu\/index.php\/wp-json\/wp\/v2\/posts\/1239\/revisions"}],"predecessor-version":[{"id":5627,"href":"https:\/\/usagers-transports.haut-allier.eu\/index.php\/wp-json\/wp\/v2\/posts\/1239\/revisions\/5627"}],"wp:featuredmedia":[{"embeddable":true,"href":"https:\/\/usagers-transports.haut-allier.eu\/index.php\/wp-json\/wp\/v2\/media\/5625"}],"wp:attachment":[{"href":"https:\/\/usagers-transports.haut-allier.eu\/index.php\/wp-json\/wp\/v2\/media?parent=1239"}],"wp:term":[{"taxonomy":"category","embeddable":true,"href":"https:\/\/usagers-transports.haut-allier.eu\/index.php\/wp-json\/wp\/v2\/categories?post=1239"},{"taxonomy":"post_tag","embeddable":true,"href":"https:\/\/usagers-transports.haut-allier.eu\/index.php\/wp-json\/wp\/v2\/tags?post=1239"}],"curies":[{"name":"wp","href":"https:\/\/api.w.org\/{rel}","templated":true}]}}