{"id":1240,"date":"2025-10-19T16:52:12","date_gmt":"2025-10-19T14:52:12","guid":{"rendered":"http:\/\/5.45.101.177\/haut-allier\/usagers-transportse\/index.php\/2025\/10\/19\/notre-futur-pdg-de-la-sncf-jean1240\/"},"modified":"2026-09-01T16:11:16","modified_gmt":"2026-09-01T14:11:16","slug":"notre-futur-pdg-de-la-sncf-jean1240","status":"publish","type":"post","link":"https:\/\/usagers-transports.haut-allier.eu\/index.php\/2025\/10\/19\/notre-futur-pdg-de-la-sncf-jean1240\/","title":{"rendered":"Jean Castex, futur PDG de la SNCF, a r\u00e9pondu aux questions des s\u00e9nateurs"},"content":{"rendered":"Le 15 octobre dernier, la commission de l\u2019am\u00e9nagement du territoire et du d\u00e9veloppement durable du S\u00e9nat recevait Jean Castex, candidat \u00e0 la pr\u00e9sidence du groupe SNCF. Son nom avait \u00e9t\u00e9 propos\u00e9 par le chef de l\u2019Etat fin septembre et n\u00e9cessite l\u2019aval des deux chambres du Parlement. Alors qu\u2019il sera entendu la semaine prochaine par les \u00e9lus de l\u2019Assembl\u00e9e nationale, c\u2019est tout d\u2019abord par les parlementaires du Palais du Luxembourg qu\u2019il a \u00e9t\u00e9 auditionn\u00e9. \n\nVoici une heure qui permettront de deviner l&rsquo;\u00e9tat d&rsquo;esprit dans lequel il aborde sa nouvelle pr\u00e9sidence apr\u00e8s celle de la RATP o\u00f9 il est depuis 2022. On se souviendra de quelques un de ses \u00ab\u00a0coups\u00a0\u00bb lorsqu&rsquo;il \u00e9tait premier ministre, comme la mise en place du train de nuit Paris Brive Aurillac.\n\nIl faudra beaucoup de pers\u00e9v\u00e9rance pour lui faire comprendre la n\u00e9cessit\u00e9 du retour du TDN Paris Clermont N\u00eemes \/ Millau \/ Aurillac voire Rodez, alors que sa d\u00e9claration au S\u00e9nat est mitig\u00e9e (\u00e0 la 55\u00e8me minute) au sujet de la r\u00e9ussite des trains nocturnes.\n\n<center>\n<iframe loading=\"lazy\" width=\"560\" height=\"315\" src=\"https:\/\/www.youtube.com\/embed\/J3W9kkZVELE?si=GGma66IgYfEXhh-3\" title=\"YouTube video player\" frameborder=\"0\" allow=\"accelerometer; autoplay; clipboard-write; encrypted-media; gyroscope; picture-in-picture; web-share\" referrerpolicy=\"strict-origin-when-cross-origin\" allowfullscreen><\/iframe>\n<\/center>\n&nbsp;\n&nbsp;\n<p>&nbsp;<\/p>\n\n\t<figure class=\"wp-block-gallery columns-1 is-cropped wp-block-gallery-1 is-layout-flex wp-block-gallery-is-layout-flex\">\n\t\t<ul class=\"blocks-gallery-grid\">\n\t\t\t<li class=\"blocks-gallery-item\">\n\t\t\t\t<figure>\n\t\t\t\t\t\t\t\t\t\t\t<img loading=\"lazy\" decoding=\"async\" width=\"653\" height=\"397\" src=\"http:\/\/5.45.101.177\/haut-allier\/usagers-transportse\/wp-content\/uploads\/2025\/10\/screenshot-www.youtube.com-2025.10.19-16_49_36.jpg\"\n\t\t\t\t\t\t alt=\"screenshot-www.youtube.com-2025.10.19-16_49_36.jpg\"\n\t\t\t\t\t\t data-id=\"5628\"\n\t\t\t\t\t\t data-full-url=\"http:\/\/5.45.101.177\/haut-allier\/usagers-transportse\/wp-content\/uploads\/2025\/10\/screenshot-www.youtube.com-2025.10.19-16_49_36.jpg\"\n\t\t\t\t\t\t data-link=\"http:\/\/5.45.101.177\/haut-allier\/usagers-transportse\/attachment-screenshot-www-youtube-com-2025-10-19-16_49_36-jpg\/\"\n\t\t\t\t\t\t class=\"wp-image-5628\" srcset=\"https:\/\/usagers-transports.haut-allier.eu\/wp-content\/uploads\/2025\/10\/screenshot-www.youtube.com-2025.10.19-16_49_36.jpg 653w, https:\/\/usagers-transports.haut-allier.eu\/wp-content\/uploads\/2025\/10\/screenshot-www.youtube.com-2025.10.19-16_49_36-300x182.jpg 300w\" sizes=\"auto, (max-width: 653px) 100vw, 653px\" \/>\n\t\t\t\t<\/figure>\n\t\t\t<\/li>\n\t\t<\/ul>\n\t<\/figure>\n","protected":false},"excerpt":{"rendered":"<p>Le 15 octobre dernier, la commission de l\u2019am\u00e9nagement du territoire et du d\u00e9veloppement durable du S\u00e9nat recevait Jean<\/p>\n","protected":false},"author":2,"featured_media":5628,"comment_status":"open","ping_status":"open","sticky":false,"template":"","format":"standard","meta":{"footnotes":""},"categories":[3],"tags":[],"class_list":["post-1240","post","type-post","status-publish","format-standard","has-post-thumbnail","hentry","category-en-train"],"_links":{"self":[{"href":"https:\/\/usagers-transports.haut-allier.eu\/index.php\/wp-json\/wp\/v2\/posts\/1240","targetHints":{"allow":["GET"]}}],"collection":[{"href":"https:\/\/usagers-transports.haut-allier.eu\/index.php\/wp-json\/wp\/v2\/posts"}],"about":[{"href":"https:\/\/usagers-transports.haut-allier.eu\/index.php\/wp-json\/wp\/v2\/types\/post"}],"author":[{"embeddable":true,"href":"https:\/\/usagers-transports.haut-allier.eu\/index.php\/wp-json\/wp\/v2\/users\/2"}],"replies":[{"embeddable":true,"href":"https:\/\/usagers-transports.haut-allier.eu\/index.php\/wp-json\/wp\/v2\/comments?post=1240"}],"version-history":[{"count":1,"href":"https:\/\/usagers-transports.haut-allier.eu\/index.php\/wp-json\/wp\/v2\/posts\/1240\/revisions"}],"predecessor-version":[{"id":5629,"href":"https:\/\/usagers-transports.haut-allier.eu\/index.php\/wp-json\/wp\/v2\/posts\/1240\/revisions\/5629"}],"wp:featuredmedia":[{"embeddable":true,"href":"https:\/\/usagers-transports.haut-allier.eu\/index.php\/wp-json\/wp\/v2\/media\/5628"}],"wp:attachment":[{"href":"https:\/\/usagers-transports.haut-allier.eu\/index.php\/wp-json\/wp\/v2\/media?parent=1240"}],"wp:term":[{"taxonomy":"category","embeddable":true,"href":"https:\/\/usagers-transports.haut-allier.eu\/index.php\/wp-json\/wp\/v2\/categories?post=1240"},{"taxonomy":"post_tag","embeddable":true,"href":"https:\/\/usagers-transports.haut-allier.eu\/index.php\/wp-json\/wp\/v2\/tags?post=1240"}],"curies":[{"name":"wp","href":"https:\/\/api.w.org\/{rel}","templated":true}]}}